{"id":3217,"date":"2013-07-04T09:07:00","date_gmt":"2013-07-04T12:07:00","guid":{"rendered":"http:\/\/www.ifbaiano.edu.br\/unidades\/santaines\/?p=3217"},"modified":"2013-07-12T22:09:49","modified_gmt":"2013-07-13T01:09:49","slug":"alunos-do-if-baiano-campus-santa-ines-estao-entre-os-premiados-da-obmep-2012","status":"publish","type":"post","link":"https:\/\/www.ifbaiano.edu.br\/unidades\/santaines\/alunos-do-if-baiano-campus-santa-ines-estao-entre-os-premiados-da-obmep-2012\/","title":{"rendered":"Alunos do IF Baiano Campus Santa In\u00eas est\u00e3o entre os premiados da OBMEP 2012."},"content":{"rendered":"<p>Alunos do IF Baiano Campus Santa In\u00eas est\u00e3o entre os premiados da OBMEP 2012. Os estudantes Andr\u00e9 Gon\u00e7alves Gomes e Jerry Adriano Xavier de Souza ser\u00e3o premiados com Certificado de Men\u00e7\u00e3o Honrosa, na Solenidade de Premia\u00e7\u00e3o dos Medalhistas da 8\u00aa Olimp\u00edada Brasileira de Matem\u00e1tica das Escolas P\u00fablicas, a ser realizado dia 10 de julho de 2013, \u00e0s 16h00,no Sal\u00e3o Nobre da Reitoria da UFBA,em Salvador. A premia\u00e7\u00e3o refere-se \u00e0 exitosa participa\u00e7\u00e3o dos estudantes na 8\u00aa Olimp\u00edada Brasileira de Matem\u00e1tica das Escolas P\u00fablicas, ocorrido na edi\u00e7\u00e3o de 2012.<\/p>\n","protected":false},"excerpt":{"rendered":"<p>Alunos do IF Baiano Campus Santa In\u00eas est\u00e3o entre os premiados da OBMEP 2012. Os estudantes Andr\u00e9 Gon\u00e7alves Gomes e Jerry Adriano Xavier de Souza ser\u00e3o premiados com Certificado de Men\u00e7\u00e3o Honrosa,<\/p>\n","protected":false},"author":1,"featured_media":0,"comment_status":"closed","ping_status":"closed","sticky":false,"template":"","format":"standard","meta":[],"categories":[10],"tags":[],"_links":{"self":[{"href":"https:\/\/www.ifbaiano.edu.br\/unidades\/santaines\/wp-json\/wp\/v2\/posts\/3217"}],"collection":[{"href":"https:\/\/www.ifbaiano.edu.br\/unidades\/santaines\/wp-json\/wp\/v2\/posts"}],"about":[{"href":"https:\/\/www.ifbaiano.edu.br\/unidades\/santaines\/wp-json\/wp\/v2\/types\/post"}],"author":[{"embeddable":true,"href":"https:\/\/www.ifbaiano.edu.br\/unidades\/santaines\/wp-json\/wp\/v2\/users\/1"}],"replies":[{"embeddable":true,"href":"https:\/\/www.ifbaiano.edu.br\/unidades\/santaines\/wp-json\/wp\/v2\/comments?post=3217"}],"version-history":[{"count":4,"href":"https:\/\/www.ifbaiano.edu.br\/unidades\/santaines\/wp-json\/wp\/v2\/posts\/3217\/revisions"}],"predecessor-version":[{"id":3220,"href":"https:\/\/www.ifbaiano.edu.br\/unidades\/santaines\/wp-json\/wp\/v2\/posts\/3217\/revisions\/3220"}],"wp:attachment":[{"href":"https:\/\/www.ifbaiano.edu.br\/unidades\/santaines\/wp-json\/wp\/v2\/media?parent=3217"}],"wp:term":[{"taxonomy":"category","embeddable":true,"href":"https:\/\/www.ifbaiano.edu.br\/unidades\/santaines\/wp-json\/wp\/v2\/categories?post=3217"},{"taxonomy":"post_tag","embeddable":true,"href":"https:\/\/www.ifbaiano.edu.br\/unidades\/santaines\/wp-json\/wp\/v2\/tags?post=3217"}],"curies":[{"name":"wp","href":"https:\/\/api.w.org\/{rel}","templated":true}]}}