{"id":3227,"date":"2013-07-12T22:06:26","date_gmt":"2013-07-13T01:06:26","guid":{"rendered":"http:\/\/www.ifbaiano.edu.br\/unidades\/santaines\/?p=3227"},"modified":"2013-07-19T16:29:35","modified_gmt":"2013-07-19T19:29:35","slug":"selecao-de-tutores-para-o-curso-de-propriedade-intelectual-e-inovacao","status":"publish","type":"post","link":"https:\/\/www.ifbaiano.edu.br\/unidades\/santaines\/selecao-de-tutores-para-o-curso-de-propriedade-intelectual-e-inovacao\/","title":{"rendered":"Sele\u00e7\u00e3o de tutores para o curso de Propriedade Intelectual e Inova\u00e7\u00e3o"},"content":{"rendered":"<pre>A Assessoria de Comunica\u00e7\u00e3o \/ Reitoria informa: Sele\u00e7\u00e3o de tutores para o curso<\/pre>\n<pre>de Propriedade Intelectual e Inova\u00e7\u00e3o. As inscri\u00e7\u00f5es para tutor do curso de especializa\u00e7\u00e3o<\/pre>\n<pre>s\u00e3o gratuitas e ser\u00e3o realizadas at\u00e9 quarta-feira (17\/07\/2013)<\/pre>\n<pre>Mais informa\u00e7\u00f5es em <a href=\"http:\/\/www.ifbaiano.edu.br\/reitoria\/?p=22244\" target=\"_blank\">http:\/\/www.ifbaiano.edu.br\/reitoria\/?p=22244<\/a><\/pre>\n","protected":false},"excerpt":{"rendered":"<p>A Assessoria de Comunica\u00e7\u00e3o \/ Reitoria informa: Sele\u00e7\u00e3o de tutores para o curso<br \/>\nde Propriedade Intelectual e Inova\u00e7\u00e3o<\/p>\n","protected":false},"author":26,"featured_media":0,"comment_status":"closed","ping_status":"closed","sticky":false,"template":"","format":"standard","meta":[],"categories":[10],"tags":[],"_links":{"self":[{"href":"https:\/\/www.ifbaiano.edu.br\/unidades\/santaines\/wp-json\/wp\/v2\/posts\/3227"}],"collection":[{"href":"https:\/\/www.ifbaiano.edu.br\/unidades\/santaines\/wp-json\/wp\/v2\/posts"}],"about":[{"href":"https:\/\/www.ifbaiano.edu.br\/unidades\/santaines\/wp-json\/wp\/v2\/types\/post"}],"author":[{"embeddable":true,"href":"https:\/\/www.ifbaiano.edu.br\/unidades\/santaines\/wp-json\/wp\/v2\/users\/26"}],"replies":[{"embeddable":true,"href":"https:\/\/www.ifbaiano.edu.br\/unidades\/santaines\/wp-json\/wp\/v2\/comments?post=3227"}],"version-history":[{"count":3,"href":"https:\/\/www.ifbaiano.edu.br\/unidades\/santaines\/wp-json\/wp\/v2\/posts\/3227\/revisions"}],"predecessor-version":[{"id":3291,"href":"https:\/\/www.ifbaiano.edu.br\/unidades\/santaines\/wp-json\/wp\/v2\/posts\/3227\/revisions\/3291"}],"wp:attachment":[{"href":"https:\/\/www.ifbaiano.edu.br\/unidades\/santaines\/wp-json\/wp\/v2\/media?parent=3227"}],"wp:term":[{"taxonomy":"category","embeddable":true,"href":"https:\/\/www.ifbaiano.edu.br\/unidades\/santaines\/wp-json\/wp\/v2\/categories?post=3227"},{"taxonomy":"post_tag","embeddable":true,"href":"https:\/\/www.ifbaiano.edu.br\/unidades\/santaines\/wp-json\/wp\/v2\/tags?post=3227"}],"curies":[{"name":"wp","href":"https:\/\/api.w.org\/{rel}","templated":true}]}}