{"id":3356,"date":"2013-09-03T11:04:03","date_gmt":"2013-09-03T14:04:03","guid":{"rendered":"http:\/\/www.ifbaiano.edu.br\/unidades\/santaines\/?p=3356"},"modified":"2013-09-18T16:12:05","modified_gmt":"2013-09-18T19:12:05","slug":"vagas-para-preechimento-da-lista-de-espera-2013-2-sisu","status":"publish","type":"post","link":"https:\/\/www.ifbaiano.edu.br\/unidades\/santaines\/vagas-para-preechimento-da-lista-de-espera-2013-2-sisu\/","title":{"rendered":"Segunda chamada dos candidatos classificados em lista de espera SISU \u2013 Edi\u00e7\u00e3o 2\u00b0\/2013."},"content":{"rendered":"<p style=\"text-align: left\">O Diretor Geral do Instituto Federal de Educa\u00e7\u00e3o, Ci\u00eancia e Tecnologia Baiano, Campus Santa In\u00eas, no uso de suas atribui\u00e7\u00f5es legais, convoca os candidatos abaixo relacionados para, obedecendo ao quantitativo existente, preenchimento das vagas residuais da Lista de Espera do SiSU \u2013 Edi\u00e7\u00e3o 2\u00b0\/2013 nos termos que se seguem:<\/p>\n<p style=\"text-align: left\"><a href=\"http:\/\/www.ifbaiano.edu.br\/unidades\/santaines\/files\/2013\/09\/LISTA_ESPERA_SISU_IFBAIANO_SANTA_INES.pdf\" title=\"Lista de convocados SISU\">Mais informa\u00e7\u00f5es com a lista dos aprovados acessar o EDITAL<\/a><\/p>\n","protected":false},"excerpt":{"rendered":"<p>O Diretor Geral do Instituto Federal de Educa\u00e7\u00e3o, Ci\u00eancia e Tecnologia Baiano, Campus Santa In\u00eas, no uso de suas atribui\u00e7\u00f5es legais, convoca os candidatos abaixo relacionados para, <\/p>\n","protected":false},"author":1,"featured_media":0,"comment_status":"closed","ping_status":"closed","sticky":false,"template":"","format":"standard","meta":[],"categories":[5],"tags":[],"_links":{"self":[{"href":"https:\/\/www.ifbaiano.edu.br\/unidades\/santaines\/wp-json\/wp\/v2\/posts\/3356"}],"collection":[{"href":"https:\/\/www.ifbaiano.edu.br\/unidades\/santaines\/wp-json\/wp\/v2\/posts"}],"about":[{"href":"https:\/\/www.ifbaiano.edu.br\/unidades\/santaines\/wp-json\/wp\/v2\/types\/post"}],"author":[{"embeddable":true,"href":"https:\/\/www.ifbaiano.edu.br\/unidades\/santaines\/wp-json\/wp\/v2\/users\/1"}],"replies":[{"embeddable":true,"href":"https:\/\/www.ifbaiano.edu.br\/unidades\/santaines\/wp-json\/wp\/v2\/comments?post=3356"}],"version-history":[{"count":13,"href":"https:\/\/www.ifbaiano.edu.br\/unidades\/santaines\/wp-json\/wp\/v2\/posts\/3356\/revisions"}],"predecessor-version":[{"id":3623,"href":"https:\/\/www.ifbaiano.edu.br\/unidades\/santaines\/wp-json\/wp\/v2\/posts\/3356\/revisions\/3623"}],"wp:attachment":[{"href":"https:\/\/www.ifbaiano.edu.br\/unidades\/santaines\/wp-json\/wp\/v2\/media?parent=3356"}],"wp:term":[{"taxonomy":"category","embeddable":true,"href":"https:\/\/www.ifbaiano.edu.br\/unidades\/santaines\/wp-json\/wp\/v2\/categories?post=3356"},{"taxonomy":"post_tag","embeddable":true,"href":"https:\/\/www.ifbaiano.edu.br\/unidades\/santaines\/wp-json\/wp\/v2\/tags?post=3356"}],"curies":[{"name":"wp","href":"https:\/\/api.w.org\/{rel}","templated":true}]}}