{"id":3390,"date":"2013-08-11T19:35:24","date_gmt":"2013-08-11T22:35:24","guid":{"rendered":"http:\/\/www.ifbaiano.edu.br\/unidades\/santaines\/?p=3390"},"modified":"2013-08-21T22:29:43","modified_gmt":"2013-08-22T01:29:43","slug":"vagas-remanescente-da-lista-de-espera-sisu","status":"publish","type":"post","link":"https:\/\/www.ifbaiano.edu.br\/unidades\/santaines\/vagas-remanescente-da-lista-de-espera-sisu\/","title":{"rendered":"Novas vagas remanescentes da lista de espera &#8211; SISU"},"content":{"rendered":"<p>Convoca\u00e7\u00e3o para matr\u00edcula no per\u00edodo de\u00a019 a 21 de agosto de 2013. Na secretaria deste campus.<br \/>\n&#8211;<\/p>\n<p>Confira as vagas abaixo.<\/p>\n<p><a href=\"http:\/\/www.ifbaiano.edu.br\/unidades\/santaines\/files\/2013\/08\/LISTA-CONVOCACAO-MATRICULA-GEOGRAFIA1.pdf\"> GEOGRAFIA<\/a><\/p>\n<p><a href=\"http:\/\/www.ifbaiano.edu.br\/unidades\/santaines\/files\/2013\/08\/LISTA-DE-CONVOCACAO-DE-MATRICULA-ZOOTECNIA.pdf\"> ZOOTECNIA<\/a><\/p>\n<p><a href=\"http:\/\/www.ifbaiano.edu.br\/unidades\/santaines\/files\/2013\/08\/LISTA-DE-CONVOCACAO-PARA-MATRICULA-BIOLOGIA.pdf\">BIOLOGIA<\/a><\/p>\n<p>&nbsp;<\/p>\n<p>&nbsp;<\/p>\n<p>&nbsp;<\/p>\n","protected":false},"excerpt":{"rendered":"<p>Matr\u00edcula no per\u00edodo de 19 a 21 de agosto de 2013.<\/p>\n","protected":false},"author":1,"featured_media":0,"comment_status":"closed","ping_status":"closed","sticky":false,"template":"","format":"standard","meta":[],"categories":[10],"tags":[],"_links":{"self":[{"href":"https:\/\/www.ifbaiano.edu.br\/unidades\/santaines\/wp-json\/wp\/v2\/posts\/3390"}],"collection":[{"href":"https:\/\/www.ifbaiano.edu.br\/unidades\/santaines\/wp-json\/wp\/v2\/posts"}],"about":[{"href":"https:\/\/www.ifbaiano.edu.br\/unidades\/santaines\/wp-json\/wp\/v2\/types\/post"}],"author":[{"embeddable":true,"href":"https:\/\/www.ifbaiano.edu.br\/unidades\/santaines\/wp-json\/wp\/v2\/users\/1"}],"replies":[{"embeddable":true,"href":"https:\/\/www.ifbaiano.edu.br\/unidades\/santaines\/wp-json\/wp\/v2\/comments?post=3390"}],"version-history":[{"count":20,"href":"https:\/\/www.ifbaiano.edu.br\/unidades\/santaines\/wp-json\/wp\/v2\/posts\/3390\/revisions"}],"predecessor-version":[{"id":3397,"href":"https:\/\/www.ifbaiano.edu.br\/unidades\/santaines\/wp-json\/wp\/v2\/posts\/3390\/revisions\/3397"}],"wp:attachment":[{"href":"https:\/\/www.ifbaiano.edu.br\/unidades\/santaines\/wp-json\/wp\/v2\/media?parent=3390"}],"wp:term":[{"taxonomy":"category","embeddable":true,"href":"https:\/\/www.ifbaiano.edu.br\/unidades\/santaines\/wp-json\/wp\/v2\/categories?post=3390"},{"taxonomy":"post_tag","embeddable":true,"href":"https:\/\/www.ifbaiano.edu.br\/unidades\/santaines\/wp-json\/wp\/v2\/tags?post=3390"}],"curies":[{"name":"wp","href":"https:\/\/api.w.org\/{rel}","templated":true}]}}