{"id":3407,"date":"2013-08-02T13:02:29","date_gmt":"2013-08-02T16:02:29","guid":{"rendered":"http:\/\/www.ifbaiano.edu.br\/unidades\/santaines\/?p=3407"},"modified":"2013-08-02T13:16:29","modified_gmt":"2013-08-02T16:16:29","slug":"concurso-de-redacao-para-estudantes-do-if-baiano-2","status":"publish","type":"post","link":"https:\/\/www.ifbaiano.edu.br\/unidades\/santaines\/concurso-de-redacao-para-estudantes-do-if-baiano-2\/","title":{"rendered":"Concurso de Reda\u00e7\u00e3o para Estudantes do IF Baiano"},"content":{"rendered":"<p>De 30 de julho at\u00e9 20 de agosto de 2013, todos os estudantes do Instituto Federal Baiano (IF Baiano), regularmente matriculados, est\u00e3o convidados a participar do Concurso de Reda\u00e7\u00e3o referente \u00e0s comemora\u00e7\u00f5es do anivers\u00e1rio de 5 anos do Instituto com o tema \u201cMinha hist\u00f3ria no IF Baiano\u201d.<\/p>\n<p><a href=\"http:\/\/www.ifbaiano.edu.br\/reitoria\/?p=22542\">Saiba mais!<\/a><\/p>\n","protected":false},"excerpt":{"rendered":"<p>Todos os estudantes do Instituto Federal Baiano (IF Baiano), regularmente matriculados, est\u00e3o convidados a participar do Concurso de Reda\u00e7\u00e3o com o tema &#8220;Minha hist\u00f3ria no IF Baiano&#8221;<\/p>\n","protected":false},"author":26,"featured_media":0,"comment_status":"closed","ping_status":"closed","sticky":false,"template":"","format":"standard","meta":[],"categories":[10],"tags":[],"_links":{"self":[{"href":"https:\/\/www.ifbaiano.edu.br\/unidades\/santaines\/wp-json\/wp\/v2\/posts\/3407"}],"collection":[{"href":"https:\/\/www.ifbaiano.edu.br\/unidades\/santaines\/wp-json\/wp\/v2\/posts"}],"about":[{"href":"https:\/\/www.ifbaiano.edu.br\/unidades\/santaines\/wp-json\/wp\/v2\/types\/post"}],"author":[{"embeddable":true,"href":"https:\/\/www.ifbaiano.edu.br\/unidades\/santaines\/wp-json\/wp\/v2\/users\/26"}],"replies":[{"embeddable":true,"href":"https:\/\/www.ifbaiano.edu.br\/unidades\/santaines\/wp-json\/wp\/v2\/comments?post=3407"}],"version-history":[{"count":6,"href":"https:\/\/www.ifbaiano.edu.br\/unidades\/santaines\/wp-json\/wp\/v2\/posts\/3407\/revisions"}],"predecessor-version":[{"id":3420,"href":"https:\/\/www.ifbaiano.edu.br\/unidades\/santaines\/wp-json\/wp\/v2\/posts\/3407\/revisions\/3420"}],"wp:attachment":[{"href":"https:\/\/www.ifbaiano.edu.br\/unidades\/santaines\/wp-json\/wp\/v2\/media?parent=3407"}],"wp:term":[{"taxonomy":"category","embeddable":true,"href":"https:\/\/www.ifbaiano.edu.br\/unidades\/santaines\/wp-json\/wp\/v2\/categories?post=3407"},{"taxonomy":"post_tag","embeddable":true,"href":"https:\/\/www.ifbaiano.edu.br\/unidades\/santaines\/wp-json\/wp\/v2\/tags?post=3407"}],"curies":[{"name":"wp","href":"https:\/\/api.w.org\/{rel}","templated":true}]}}