{"id":3465,"date":"2013-09-17T17:13:15","date_gmt":"2013-09-17T20:13:15","guid":{"rendered":"http:\/\/www.ifbaiano.edu.br\/unidades\/santaines\/?p=3465"},"modified":"2013-09-18T16:09:14","modified_gmt":"2013-09-18T19:09:14","slug":"1%c2%aa-feira-de-saude-e-cidadania-2","status":"publish","type":"post","link":"https:\/\/www.ifbaiano.edu.br\/unidades\/santaines\/1%c2%aa-feira-de-saude-e-cidadania-2\/","title":{"rendered":"1\u00aa Feira de Sa\u00fade e Cidadania"},"content":{"rendered":"<p>Convidamos a comunidade do IFBAIANO Campus Santa In\u00eas para a 1\u00aa Feira de Sa\u00fade e Cidadania que ser\u00e1 realizada no dia 18 de setembro de 2013 das 08:00 \u00e0s 17:00 no Pavilh\u00e3o Pedag\u00f3gico.<br \/>\n&#8220;A educa\u00e7\u00e3o eficaz \u00e9 aquela que favorece a forma\u00e7\u00e3o de cidad\u00e3os cr\u00edticos e bem informados, que tenham habilidades e compet\u00eancias diversas para agir de forma eficiente em defesa da vida.&#8221;<br \/>\nAutor Desconhecido<\/p>\n<p>&nbsp;<\/p>\n","protected":false},"excerpt":{"rendered":"<p>Convidamos a comunidade do IFBAIANO Campus Santa In\u00eas para a 1\u00aa Feira de Sa\u00fade e Cidadania que ser\u00e1 realizada no dia 18 de setembro de 2013 das 08:00 \u00e0s 17:00 no Pavilh\u00e3o Pedag\u00f3gico.<\/p>\n<p> &#8220;A educa\u00e7\u00e3o eficaz \u00e9 aquela que favorece a forma\u00e7\u00e3o de cidad\u00e3os cr\u00edticos e bem informados, que tenham habilidades e compet\u00eancias diversas para agir de forma eficiente em defesa da vida.&#8221;<br \/>\n Autor Desconhecido<\/p>\n","protected":false},"author":7,"featured_media":0,"comment_status":"closed","ping_status":"closed","sticky":false,"template":"","format":"standard","meta":[],"categories":[4,10],"tags":[],"_links":{"self":[{"href":"https:\/\/www.ifbaiano.edu.br\/unidades\/santaines\/wp-json\/wp\/v2\/posts\/3465"}],"collection":[{"href":"https:\/\/www.ifbaiano.edu.br\/unidades\/santaines\/wp-json\/wp\/v2\/posts"}],"about":[{"href":"https:\/\/www.ifbaiano.edu.br\/unidades\/santaines\/wp-json\/wp\/v2\/types\/post"}],"author":[{"embeddable":true,"href":"https:\/\/www.ifbaiano.edu.br\/unidades\/santaines\/wp-json\/wp\/v2\/users\/7"}],"replies":[{"embeddable":true,"href":"https:\/\/www.ifbaiano.edu.br\/unidades\/santaines\/wp-json\/wp\/v2\/comments?post=3465"}],"version-history":[{"count":12,"href":"https:\/\/www.ifbaiano.edu.br\/unidades\/santaines\/wp-json\/wp\/v2\/posts\/3465\/revisions"}],"predecessor-version":[{"id":3622,"href":"https:\/\/www.ifbaiano.edu.br\/unidades\/santaines\/wp-json\/wp\/v2\/posts\/3465\/revisions\/3622"}],"wp:attachment":[{"href":"https:\/\/www.ifbaiano.edu.br\/unidades\/santaines\/wp-json\/wp\/v2\/media?parent=3465"}],"wp:term":[{"taxonomy":"category","embeddable":true,"href":"https:\/\/www.ifbaiano.edu.br\/unidades\/santaines\/wp-json\/wp\/v2\/categories?post=3465"},{"taxonomy":"post_tag","embeddable":true,"href":"https:\/\/www.ifbaiano.edu.br\/unidades\/santaines\/wp-json\/wp\/v2\/tags?post=3465"}],"curies":[{"name":"wp","href":"https:\/\/api.w.org\/{rel}","templated":true}]}}