{"id":3480,"date":"2013-08-14T20:34:04","date_gmt":"2013-08-14T23:34:04","guid":{"rendered":"http:\/\/www.ifbaiano.edu.br\/unidades\/santaines\/?p=3480"},"modified":"2013-08-16T08:57:58","modified_gmt":"2013-08-16T11:57:58","slug":"coleta-seletiva-solidaria-no-campus-santa-ines","status":"publish","type":"post","link":"https:\/\/www.ifbaiano.edu.br\/unidades\/santaines\/coleta-seletiva-solidaria-no-campus-santa-ines\/","title":{"rendered":"Coleta Seletiva Solid\u00e1ria no Campus Santa In\u00eas"},"content":{"rendered":"<p>O IF Baiano,\u00a0<em>Campus\u00a0<\/em>Santa In\u00eas, recentemente, consolidou mais uma etapa do Programa Coleta Seletiva Solid\u00e1ria ao firmar parceria com a Cooperativa de Catadores de Recicl\u00e1veis &#8211; COOPERJAGUAR do munic\u00edpio de Jaguaquara &#8211; Bahia. Com esta conquista, a Coleta Seletiva torna-se\u00a0<strong>efetivamente\u00a0<\/strong>poss\u00edvel no\u00a0<em>Campus<\/em>.<\/p>\n<p><a href=\"http:\/\/www.ifbaiano.edu.br\/unidades\/santaines\/files\/2013\/08\/Texto-para-o-site4.pdf\">Mais informa\u00e7\u00f5es<\/a><\/p>\n<p>&nbsp;<\/p>\n<p>&nbsp;<\/p>\n<p>&nbsp;<\/p>\n<p>&nbsp;<\/p>\n<p>&nbsp;<\/p>\n<p>&nbsp;<\/p>\n<p>&nbsp;<\/p>\n<p>&nbsp;<\/p>\n<p>&nbsp;<\/p>\n<p>&nbsp;<\/p>\n","protected":false},"excerpt":{"rendered":"<p>O IF Baiano, Campus Santa In\u00eas, recentemente, consolidou mais uma etapa do Programa Coleta Seletiva Solid\u00e1ria ao firmar parceria com a Cooperativa de Catadores de Recicl\u00e1veis &#8211; COOPERJAGUAR do munic\u00edpio de Jaguaquara &#8211; Bahia. Com esta conquista, a Coleta Seletiva torna-se efetivamente poss\u00edvel no Campus.<\/p>\n","protected":false},"author":1,"featured_media":0,"comment_status":"closed","ping_status":"closed","sticky":false,"template":"","format":"standard","meta":[],"categories":[10],"tags":[],"_links":{"self":[{"href":"https:\/\/www.ifbaiano.edu.br\/unidades\/santaines\/wp-json\/wp\/v2\/posts\/3480"}],"collection":[{"href":"https:\/\/www.ifbaiano.edu.br\/unidades\/santaines\/wp-json\/wp\/v2\/posts"}],"about":[{"href":"https:\/\/www.ifbaiano.edu.br\/unidades\/santaines\/wp-json\/wp\/v2\/types\/post"}],"author":[{"embeddable":true,"href":"https:\/\/www.ifbaiano.edu.br\/unidades\/santaines\/wp-json\/wp\/v2\/users\/1"}],"replies":[{"embeddable":true,"href":"https:\/\/www.ifbaiano.edu.br\/unidades\/santaines\/wp-json\/wp\/v2\/comments?post=3480"}],"version-history":[{"count":5,"href":"https:\/\/www.ifbaiano.edu.br\/unidades\/santaines\/wp-json\/wp\/v2\/posts\/3480\/revisions"}],"predecessor-version":[{"id":3486,"href":"https:\/\/www.ifbaiano.edu.br\/unidades\/santaines\/wp-json\/wp\/v2\/posts\/3480\/revisions\/3486"}],"wp:attachment":[{"href":"https:\/\/www.ifbaiano.edu.br\/unidades\/santaines\/wp-json\/wp\/v2\/media?parent=3480"}],"wp:term":[{"taxonomy":"category","embeddable":true,"href":"https:\/\/www.ifbaiano.edu.br\/unidades\/santaines\/wp-json\/wp\/v2\/categories?post=3480"},{"taxonomy":"post_tag","embeddable":true,"href":"https:\/\/www.ifbaiano.edu.br\/unidades\/santaines\/wp-json\/wp\/v2\/tags?post=3480"}],"curies":[{"name":"wp","href":"https:\/\/api.w.org\/{rel}","templated":true}]}}