{"id":3586,"date":"2013-09-06T11:26:16","date_gmt":"2013-09-06T14:26:16","guid":{"rendered":"http:\/\/www.ifbaiano.edu.br\/unidades\/santaines\/?p=3586"},"modified":"2013-09-06T11:29:32","modified_gmt":"2013-09-06T14:29:32","slug":"edital-do-programa-de-incentivo-a-aprendizagem-do-ifbaiano-campus-santa-ines-n%c2%ba-592013","status":"publish","type":"post","link":"https:\/\/www.ifbaiano.edu.br\/unidades\/santaines\/edital-do-programa-de-incentivo-a-aprendizagem-do-ifbaiano-campus-santa-ines-n%c2%ba-592013\/","title":{"rendered":"Edital N\u00ba 59\/2013 do Programa de Incentivo \u00e0 Aprendizagem do IFBaiano campus Santa In\u00eas"},"content":{"rendered":"<p>O Diretor Geral do Instituto Federal de Educa\u00e7\u00e3o, Ci\u00eancia e Tecnologia Baiano \u2013 IF Baiano Campus Santa In\u00eas, por meio da Comiss\u00e3o de Assist\u00eancia Estudantil respons\u00e1vel pela Implanta\u00e7\u00e3o, Execu\u00e7\u00e3o, Acompanhamento e Avalia\u00e7\u00e3o da Pol\u00edtica da Assist\u00eancia Estudantil deste Campus, torna p\u00fablico que est\u00e3o abertas as inscri\u00e7\u00f5es para sele\u00e7\u00e3o de Projetos de Incentivo \u00e0 Aprendizagem que contemplem estudantes em situa\u00e7\u00e3o de vulnerabilidade socioecon\u00f4mica, no per\u00edodo <strong>de 09 a 13 de setembro de 2013.<\/strong><\/p>\n<p>&nbsp;<\/p>\n","protected":false},"excerpt":{"rendered":"<p>O Diretor Geral do Instituto Federal de Educa\u00e7\u00e3o, Ci\u00eancia e Tecnologia Baiano \u2013 IF Baiano Campus Santa In\u00eas, por meio da Comiss\u00e3o de Assist\u00eancia Estudantil respons\u00e1vel pela Implanta\u00e7\u00e3o, Execu\u00e7\u00e3o, Acompanhamento e Avalia\u00e7\u00e3o da Pol\u00edtica da Assist\u00eancia Estudantil deste Campus, torna p\u00fablico<a href=\"http:\/\/www.ifbaiano.edu.br\/unidades\/santaines\/files\/2013\/09\/editalpina20133.pdf\"> EDITAL <\/a> que est\u00e3o abertas as inscri\u00e7\u00f5es<\/p>\n","protected":false},"author":7,"featured_media":0,"comment_status":"closed","ping_status":"closed","sticky":false,"template":"","format":"standard","meta":[],"categories":[5],"tags":[],"_links":{"self":[{"href":"https:\/\/www.ifbaiano.edu.br\/unidades\/santaines\/wp-json\/wp\/v2\/posts\/3586"}],"collection":[{"href":"https:\/\/www.ifbaiano.edu.br\/unidades\/santaines\/wp-json\/wp\/v2\/posts"}],"about":[{"href":"https:\/\/www.ifbaiano.edu.br\/unidades\/santaines\/wp-json\/wp\/v2\/types\/post"}],"author":[{"embeddable":true,"href":"https:\/\/www.ifbaiano.edu.br\/unidades\/santaines\/wp-json\/wp\/v2\/users\/7"}],"replies":[{"embeddable":true,"href":"https:\/\/www.ifbaiano.edu.br\/unidades\/santaines\/wp-json\/wp\/v2\/comments?post=3586"}],"version-history":[{"count":3,"href":"https:\/\/www.ifbaiano.edu.br\/unidades\/santaines\/wp-json\/wp\/v2\/posts\/3586\/revisions"}],"predecessor-version":[{"id":3588,"href":"https:\/\/www.ifbaiano.edu.br\/unidades\/santaines\/wp-json\/wp\/v2\/posts\/3586\/revisions\/3588"}],"wp:attachment":[{"href":"https:\/\/www.ifbaiano.edu.br\/unidades\/santaines\/wp-json\/wp\/v2\/media?parent=3586"}],"wp:term":[{"taxonomy":"category","embeddable":true,"href":"https:\/\/www.ifbaiano.edu.br\/unidades\/santaines\/wp-json\/wp\/v2\/categories?post=3586"},{"taxonomy":"post_tag","embeddable":true,"href":"https:\/\/www.ifbaiano.edu.br\/unidades\/santaines\/wp-json\/wp\/v2\/tags?post=3586"}],"curies":[{"name":"wp","href":"https:\/\/api.w.org\/{rel}","templated":true}]}}