{"id":3591,"date":"2013-09-17T11:16:59","date_gmt":"2013-09-17T14:16:59","guid":{"rendered":"http:\/\/www.ifbaiano.edu.br\/unidades\/santaines\/?p=3591"},"modified":"2013-10-07T14:29:52","modified_gmt":"2013-10-07T17:29:52","slug":"publicado-edital-com-a-lista-de-espera-do-sisu-edicao-2%c2%ba2013","status":"publish","type":"post","link":"https:\/\/www.ifbaiano.edu.br\/unidades\/santaines\/publicado-edital-com-a-lista-de-espera-do-sisu-edicao-2%c2%ba2013\/","title":{"rendered":"Publicado EDITAL com a Lista de Espera do SISU &#8211; Edi\u00e7\u00e3o 2\/2013"},"content":{"rendered":"<p>Lista dos candidatos que tenham interesse em ocupar as vagas dos cursos Superiores de Licenciatura em Biologia e Bacharelado em Zootecnia, ofertado por este campus, dever\u00e3o comparecer para a realiza\u00e7\u00e3o da pr\u00e9-matr\u00edcula no per\u00edodo de 01 a 10 de outubro de 2013, das 08h 00min \u00e0s 11h 00min e das 13h 00min \u00e0s 15h 00min na Secretaria de Registros Acad\u00eamicos &#8211; SRA deste campus.<br \/>\n<a title=\"Lista de convocados SISU\" href=\"http:\/\/www.ifbaiano.edu.br\/unidades\/santaines\/files\/2013\/09\/LISTA_ESPERA_SISU_IFBAIANO_SANTA_INES.pdf\">Mais informa\u00e7\u00f5es com a lista dos aprovados acessar o EDITAL<\/a><\/p>\n","protected":false},"excerpt":{"rendered":"<p>Publicado a lista dos candidatos que tenham interesse em ocupar as vagas dos cursos Superiores de Licenciatura em Biologia e Bacharelado em Zootecnia, ofertado por este campus, dever\u00e3o comparecer para a realiza\u00e7\u00e3o da pr\u00e9-matr\u00edcula no per\u00edodo de 01 a 10 de outubro de 2013. <a href=\"http:\/\/www.ifbaiano.edu.br\/unidades\/santaines\/files\/2013\/09\/LISTA_ESPERA_SISU_IFBAIANO_SANTA_INES.pdf\" title=\"Lista de convocados SISU\">Mais informa\u00e7\u00f5es com a lista dos aprovados acessar o EDITAL<\/a><\/p>\n","protected":false},"author":7,"featured_media":0,"comment_status":"closed","ping_status":"closed","sticky":false,"template":"","format":"standard","meta":[],"categories":[10],"tags":[],"_links":{"self":[{"href":"https:\/\/www.ifbaiano.edu.br\/unidades\/santaines\/wp-json\/wp\/v2\/posts\/3591"}],"collection":[{"href":"https:\/\/www.ifbaiano.edu.br\/unidades\/santaines\/wp-json\/wp\/v2\/posts"}],"about":[{"href":"https:\/\/www.ifbaiano.edu.br\/unidades\/santaines\/wp-json\/wp\/v2\/types\/post"}],"author":[{"embeddable":true,"href":"https:\/\/www.ifbaiano.edu.br\/unidades\/santaines\/wp-json\/wp\/v2\/users\/7"}],"replies":[{"embeddable":true,"href":"https:\/\/www.ifbaiano.edu.br\/unidades\/santaines\/wp-json\/wp\/v2\/comments?post=3591"}],"version-history":[{"count":11,"href":"https:\/\/www.ifbaiano.edu.br\/unidades\/santaines\/wp-json\/wp\/v2\/posts\/3591\/revisions"}],"predecessor-version":[{"id":3648,"href":"https:\/\/www.ifbaiano.edu.br\/unidades\/santaines\/wp-json\/wp\/v2\/posts\/3591\/revisions\/3648"}],"wp:attachment":[{"href":"https:\/\/www.ifbaiano.edu.br\/unidades\/santaines\/wp-json\/wp\/v2\/media?parent=3591"}],"wp:term":[{"taxonomy":"category","embeddable":true,"href":"https:\/\/www.ifbaiano.edu.br\/unidades\/santaines\/wp-json\/wp\/v2\/categories?post=3591"},{"taxonomy":"post_tag","embeddable":true,"href":"https:\/\/www.ifbaiano.edu.br\/unidades\/santaines\/wp-json\/wp\/v2\/tags?post=3591"}],"curies":[{"name":"wp","href":"https:\/\/api.w.org\/{rel}","templated":true}]}}