{"id":3639,"date":"2013-09-19T09:46:32","date_gmt":"2013-09-19T12:46:32","guid":{"rendered":"http:\/\/www.ifbaiano.edu.br\/unidades\/santaines\/?p=3639"},"modified":"2013-09-19T10:02:34","modified_gmt":"2013-09-19T13:02:34","slug":"edital-de-assistencia-estudantil-n%c2%ba-0612013","status":"publish","type":"post","link":"https:\/\/www.ifbaiano.edu.br\/unidades\/santaines\/edital-de-assistencia-estudantil-n%c2%ba-0612013\/","title":{"rendered":"EDITAL DE ASSIST\u00caNCIA ESTUDANTIL N\u00ba 061\/2013"},"content":{"rendered":"<p>O Diretor Geral do Instituto Federal de Educa\u00e7\u00e3o, Ci\u00eancia e Tecnologia Baiano \u2013 IF Baiano Campus Santa In\u00eas, por meio da Comiss\u00e3o de Assist\u00eancia Estudantil respons\u00e1vel pela Implanta\u00e7\u00e3o, Execu\u00e7\u00e3o, Acompanhamento e Avalia\u00e7\u00e3o da Pol\u00edtica da Assist\u00eancia Estudantil deste Campus, torna p\u00fablico que est\u00e3o abertas as inscri\u00e7\u00f5es para sele\u00e7\u00e3o de estudantes em situa\u00e7\u00e3o de vulnerabilidade socioecon\u00f4mica para participar das a\u00e7\u00f5es do Programa de Assist\u00eancia e Inclus\u00e3o Social do Estudante \u2013PAISE, segundo os termos deste Edital, para o per\u00edodo letivo de 2013.2. O presente edital est\u00e1 em conformidade com o Decreto Presidencial n\u00ba 7. 234, de 19 de Julho de 2010, que disp\u00f5e sobre o Programa Nacional de Assist\u00eancia Estudantil.<\/p>\n<p><span style=\"color: #99cc00\"><a href=\"http:\/\/www.ifbaiano.edu.br\/unidades\/santaines\/files\/2013\/09\/Edital-61-2013-paise-II-semestre1.pdf\"><span style=\"color: #99cc00\">Confira o Edital <\/span><\/a><\/span><\/p>\n<p>&nbsp;<\/p>\n","protected":false},"excerpt":{"rendered":"<p>O Diretor Geral do Instituto Federal de Educa\u00e7\u00e3o, Ci\u00eancia e Tecnologia Baiano \u2013 IF Baiano Campus Santa In\u00eas, por meio da Comiss\u00e3o de Assist\u00eancia Estudantil respons\u00e1vel pela Implanta\u00e7\u00e3o, Execu\u00e7\u00e3o, Acompanhamento e Avalia\u00e7\u00e3o da Pol\u00edtica da Assist\u00eancia Estudantil deste Campus, torna p\u00fablico que est\u00e3o abertas as inscri\u00e7\u00f5es  <span style=\"color: #99cc00\"><a href=\"http:\/\/www.ifbaiano.edu.br\/unidades\/santaines\/files\/2013\/09\/Edital-61-2013-paise-II-semestre1.pdf\"><span style=\"color: #99cc00\">Confira o Edital <\/span><\/a><\/span><\/p>\n","protected":false},"author":1,"featured_media":0,"comment_status":"closed","ping_status":"closed","sticky":false,"template":"","format":"standard","meta":[],"categories":[10],"tags":[],"_links":{"self":[{"href":"https:\/\/www.ifbaiano.edu.br\/unidades\/santaines\/wp-json\/wp\/v2\/posts\/3639"}],"collection":[{"href":"https:\/\/www.ifbaiano.edu.br\/unidades\/santaines\/wp-json\/wp\/v2\/posts"}],"about":[{"href":"https:\/\/www.ifbaiano.edu.br\/unidades\/santaines\/wp-json\/wp\/v2\/types\/post"}],"author":[{"embeddable":true,"href":"https:\/\/www.ifbaiano.edu.br\/unidades\/santaines\/wp-json\/wp\/v2\/users\/1"}],"replies":[{"embeddable":true,"href":"https:\/\/www.ifbaiano.edu.br\/unidades\/santaines\/wp-json\/wp\/v2\/comments?post=3639"}],"version-history":[{"count":8,"href":"https:\/\/www.ifbaiano.edu.br\/unidades\/santaines\/wp-json\/wp\/v2\/posts\/3639\/revisions"}],"predecessor-version":[{"id":3642,"href":"https:\/\/www.ifbaiano.edu.br\/unidades\/santaines\/wp-json\/wp\/v2\/posts\/3639\/revisions\/3642"}],"wp:attachment":[{"href":"https:\/\/www.ifbaiano.edu.br\/unidades\/santaines\/wp-json\/wp\/v2\/media?parent=3639"}],"wp:term":[{"taxonomy":"category","embeddable":true,"href":"https:\/\/www.ifbaiano.edu.br\/unidades\/santaines\/wp-json\/wp\/v2\/categories?post=3639"},{"taxonomy":"post_tag","embeddable":true,"href":"https:\/\/www.ifbaiano.edu.br\/unidades\/santaines\/wp-json\/wp\/v2\/tags?post=3639"}],"curies":[{"name":"wp","href":"https:\/\/api.w.org\/{rel}","templated":true}]}}