{"id":3651,"date":"2013-09-19T12:36:23","date_gmt":"2013-09-19T15:36:23","guid":{"rendered":"http:\/\/www.ifbaiano.edu.br\/unidades\/santaines\/?p=3651"},"modified":"2013-09-19T12:36:23","modified_gmt":"2013-09-19T15:36:23","slug":"resultado-final-dos-estudantes-selecionados-para-pina","status":"publish","type":"post","link":"https:\/\/www.ifbaiano.edu.br\/unidades\/santaines\/resultado-final-dos-estudantes-selecionados-para-pina\/","title":{"rendered":"Resultado Final dos Estudantes selecionados para Pina"},"content":{"rendered":"<p>Segue rela\u00e7\u00e3o dos estudantes selecionados para os Projetos de Incentivo \u00e0 Aprendizagem 2013.<\/p>\n<p>No dia 24\/09, \u00e0s 15h, na sala do N\u00facleo Psicossocial, os estudantes selecionados far\u00e3o a escolha dos Projetos.<\/p>\n<p><span style=\"color: #99cc00\"><a href=\"http:\/\/www.ifbaiano.edu.br\/unidades\/santaines\/files\/2013\/09\/mail.ifbaiano.edu_.br_.pdf\"><span style=\"color: #99cc00\">Confi<span style=\"color: #99cc00\">ra o resultado<\/span><\/span><\/a><\/span><\/p>\n","protected":false},"excerpt":{"rendered":"<p>Segue rela\u00e7\u00e3o dos estudantes selecionados para os Projetos de Incentivo \u00e0 Aprendizagem 2013.<\/p>\n<p>No dia 24\/09, \u00e0s 15h, na sala do N\u00facleo Psicossocial, os estudantes selecionados far\u00e3o a escolha dos Projetos.<br \/>\n<span style=\"color: #99cc00\"><a href=\"http:\/\/www.ifbaiano.edu.br\/unidades\/santaines\/files\/2013\/09\/mail.ifbaiano.edu_.br_.pdf\"><span style=\"color: #99cc00\">Confi<span style=\"color: #99cc00\">ra o resultado<\/span><\/span><\/a><\/span><\/p>\n","protected":false},"author":1,"featured_media":0,"comment_status":"closed","ping_status":"closed","sticky":false,"template":"","format":"standard","meta":[],"categories":[10],"tags":[],"_links":{"self":[{"href":"https:\/\/www.ifbaiano.edu.br\/unidades\/santaines\/wp-json\/wp\/v2\/posts\/3651"}],"collection":[{"href":"https:\/\/www.ifbaiano.edu.br\/unidades\/santaines\/wp-json\/wp\/v2\/posts"}],"about":[{"href":"https:\/\/www.ifbaiano.edu.br\/unidades\/santaines\/wp-json\/wp\/v2\/types\/post"}],"author":[{"embeddable":true,"href":"https:\/\/www.ifbaiano.edu.br\/unidades\/santaines\/wp-json\/wp\/v2\/users\/1"}],"replies":[{"embeddable":true,"href":"https:\/\/www.ifbaiano.edu.br\/unidades\/santaines\/wp-json\/wp\/v2\/comments?post=3651"}],"version-history":[{"count":2,"href":"https:\/\/www.ifbaiano.edu.br\/unidades\/santaines\/wp-json\/wp\/v2\/posts\/3651\/revisions"}],"predecessor-version":[{"id":3654,"href":"https:\/\/www.ifbaiano.edu.br\/unidades\/santaines\/wp-json\/wp\/v2\/posts\/3651\/revisions\/3654"}],"wp:attachment":[{"href":"https:\/\/www.ifbaiano.edu.br\/unidades\/santaines\/wp-json\/wp\/v2\/media?parent=3651"}],"wp:term":[{"taxonomy":"category","embeddable":true,"href":"https:\/\/www.ifbaiano.edu.br\/unidades\/santaines\/wp-json\/wp\/v2\/categories?post=3651"},{"taxonomy":"post_tag","embeddable":true,"href":"https:\/\/www.ifbaiano.edu.br\/unidades\/santaines\/wp-json\/wp\/v2\/tags?post=3651"}],"curies":[{"name":"wp","href":"https:\/\/api.w.org\/{rel}","templated":true}]}}