{"id":3656,"date":"2013-09-25T10:14:04","date_gmt":"2013-09-25T13:14:04","guid":{"rendered":"http:\/\/www.ifbaiano.edu.br\/unidades\/santaines\/?p=3656"},"modified":"2013-09-25T14:34:40","modified_gmt":"2013-09-25T17:34:40","slug":"i-feira-de-saude-e-cidadadia","status":"publish","type":"post","link":"https:\/\/www.ifbaiano.edu.br\/unidades\/santaines\/i-feira-de-saude-e-cidadadia\/","title":{"rendered":"I Feira de Sa\u00fade e Cidadania"},"content":{"rendered":"<p>1\u00aa Feira de Sa\u00fade e Cidadania\u00a0 realizada no Instituto Federal de Educa\u00e7\u00e3o, Ci\u00eancia e Tecnologia Baiano &#8211; Campus Santa In\u00eas.<br \/>\n\u201cA educa\u00e7\u00e3o eficaz \u00e9 aquela que favorece a forma\u00e7\u00e3o de cidad\u00e3os cr\u00edticos e bem informados, que tenham habilidades e compet\u00eancias diversas para agir de forma eficiente em defesa da vida.\u201d<br \/>\nAutor Desconhecido<\/p>\n<p><a href=\"http:\/\/www.ifbaiano.edu.br\/unidades\/santaines\/files\/2013\/09\/013.jpg\"><img decoding=\"async\" loading=\"lazy\" class=\"alignnone size-medium wp-image-3704\" src=\"http:\/\/www.ifbaiano.edu.br\/unidades\/santaines\/files\/2013\/09\/013-300x200.jpg\" alt=\"\" width=\"300\" height=\"200\" srcset=\"https:\/\/www.ifbaiano.edu.br\/unidades\/santaines\/files\/2013\/09\/013-300x200.jpg 300w, https:\/\/www.ifbaiano.edu.br\/unidades\/santaines\/files\/2013\/09\/013-400x267.jpg 400w, https:\/\/www.ifbaiano.edu.br\/unidades\/santaines\/files\/2013\/09\/013.jpg 950w\" sizes=\"(max-width: 300px) 100vw, 300px\" \/><\/a><a href=\"http:\/\/www.ifbaiano.edu.br\/unidades\/santaines\/files\/2013\/09\/025.jpg\"><img decoding=\"async\" loading=\"lazy\" class=\"alignnone size-medium wp-image-3706\" src=\"http:\/\/www.ifbaiano.edu.br\/unidades\/santaines\/files\/2013\/09\/025-300x200.jpg\" alt=\"\" width=\"300\" height=\"200\" srcset=\"https:\/\/www.ifbaiano.edu.br\/unidades\/santaines\/files\/2013\/09\/025-300x200.jpg 300w, https:\/\/www.ifbaiano.edu.br\/unidades\/santaines\/files\/2013\/09\/025-400x266.jpg 400w, https:\/\/www.ifbaiano.edu.br\/unidades\/santaines\/files\/2013\/09\/025.jpg 951w\" sizes=\"(max-width: 300px) 100vw, 300px\" \/><\/a><\/p>\n<p><a href=\"http:\/\/www.ifbaiano.edu.br\/unidades\/santaines\/files\/2013\/09\/037.jpg\"><img decoding=\"async\" loading=\"lazy\" class=\"alignnone size-medium wp-image-3707\" src=\"http:\/\/www.ifbaiano.edu.br\/unidades\/santaines\/files\/2013\/09\/037-300x199.jpg\" alt=\"\" width=\"300\" height=\"199\" srcset=\"https:\/\/www.ifbaiano.edu.br\/unidades\/santaines\/files\/2013\/09\/037-300x199.jpg 300w, https:\/\/www.ifbaiano.edu.br\/unidades\/santaines\/files\/2013\/09\/037-400x266.jpg 400w, https:\/\/www.ifbaiano.edu.br\/unidades\/santaines\/files\/2013\/09\/037.jpg 951w\" sizes=\"(max-width: 300px) 100vw, 300px\" \/><\/a><a href=\"http:\/\/www.ifbaiano.edu.br\/unidades\/santaines\/files\/2013\/09\/042.jpg\"><img decoding=\"async\" loading=\"lazy\" class=\"alignnone size-medium wp-image-3708\" src=\"http:\/\/www.ifbaiano.edu.br\/unidades\/santaines\/files\/2013\/09\/042-300x202.jpg\" alt=\"\" width=\"300\" height=\"202\" srcset=\"https:\/\/www.ifbaiano.edu.br\/unidades\/santaines\/files\/2013\/09\/042-300x202.jpg 300w, https:\/\/www.ifbaiano.edu.br\/unidades\/santaines\/files\/2013\/09\/042-400x269.jpg 400w, https:\/\/www.ifbaiano.edu.br\/unidades\/santaines\/files\/2013\/09\/042.jpg 940w\" sizes=\"(max-width: 300px) 100vw, 300px\" \/><\/a><\/p>\n<p><a href=\"http:\/\/www.ifbaiano.edu.br\/unidades\/santaines\/files\/2013\/09\/052.jpg\"><img decoding=\"async\" loading=\"lazy\" class=\"alignnone size-medium wp-image-3709\" src=\"http:\/\/www.ifbaiano.edu.br\/unidades\/santaines\/files\/2013\/09\/052-300x194.jpg\" alt=\"\" width=\"300\" height=\"194\" srcset=\"https:\/\/www.ifbaiano.edu.br\/unidades\/santaines\/files\/2013\/09\/052-300x194.jpg 300w, https:\/\/www.ifbaiano.edu.br\/unidades\/santaines\/files\/2013\/09\/052-400x259.jpg 400w, https:\/\/www.ifbaiano.edu.br\/unidades\/santaines\/files\/2013\/09\/052.jpg 915w\" sizes=\"(max-width: 300px) 100vw, 300px\" \/><\/a><a href=\"http:\/\/www.ifbaiano.edu.br\/unidades\/santaines\/files\/2013\/09\/065.jpg\"><img decoding=\"async\" loading=\"lazy\" class=\"alignnone size-medium wp-image-3712\" src=\"http:\/\/www.ifbaiano.edu.br\/unidades\/santaines\/files\/2013\/09\/065-300x199.jpg\" alt=\"\" width=\"300\" height=\"199\" srcset=\"https:\/\/www.ifbaiano.edu.br\/unidades\/santaines\/files\/2013\/09\/065-300x199.jpg 300w, https:\/\/www.ifbaiano.edu.br\/unidades\/santaines\/files\/2013\/09\/065-400x266.jpg 400w, https:\/\/www.ifbaiano.edu.br\/unidades\/santaines\/files\/2013\/09\/065.jpg 947w\" sizes=\"(max-width: 300px) 100vw, 300px\" \/><\/a><\/p>\n<p><a href=\"http:\/\/www.ifbaiano.edu.br\/unidades\/santaines\/files\/2013\/09\/IMG_7649.jpg\"><img decoding=\"async\" loading=\"lazy\" class=\"alignnone size-medium wp-image-3713\" src=\"http:\/\/www.ifbaiano.edu.br\/unidades\/santaines\/files\/2013\/09\/IMG_7649-300x224.jpg\" alt=\"\" width=\"300\" height=\"224\" srcset=\"https:\/\/www.ifbaiano.edu.br\/unidades\/santaines\/files\/2013\/09\/IMG_7649-300x225.jpg 300w, https:\/\/www.ifbaiano.edu.br\/unidades\/santaines\/files\/2013\/09\/IMG_7649-400x298.jpg 400w, https:\/\/www.ifbaiano.edu.br\/unidades\/santaines\/files\/2013\/09\/IMG_7649.jpg 849w\" sizes=\"(max-width: 300px) 100vw, 300px\" \/><\/a><a href=\"http:\/\/www.ifbaiano.edu.br\/unidades\/santaines\/files\/2013\/09\/IMG_76301.jpg\"><img decoding=\"async\" loading=\"lazy\" class=\"alignnone size-medium wp-image-3714\" src=\"http:\/\/www.ifbaiano.edu.br\/unidades\/santaines\/files\/2013\/09\/IMG_76301-300x200.jpg\" alt=\"\" width=\"300\" height=\"200\" srcset=\"https:\/\/www.ifbaiano.edu.br\/unidades\/santaines\/files\/2013\/09\/IMG_76301-300x200.jpg 300w, https:\/\/www.ifbaiano.edu.br\/unidades\/santaines\/files\/2013\/09\/IMG_76301-400x266.jpg 400w, https:\/\/www.ifbaiano.edu.br\/unidades\/santaines\/files\/2013\/09\/IMG_76301.jpg 951w\" sizes=\"(max-width: 300px) 100vw, 300px\" \/><\/a><\/p>\n<p>&nbsp;<\/p>\n","protected":false},"excerpt":{"rendered":"<p>1\u00aa Feira de Sa\u00fade e Cidadania  realizada no Instituto Federal de Educa\u00e7\u00e3o, Ci\u00eancia e Tecnologia Baiano &#8211; Campus Santa In\u00eas.<\/p>\n","protected":false},"author":1,"featured_media":0,"comment_status":"closed","ping_status":"closed","sticky":false,"template":"","format":"standard","meta":[],"categories":[10],"tags":[],"_links":{"self":[{"href":"https:\/\/www.ifbaiano.edu.br\/unidades\/santaines\/wp-json\/wp\/v2\/posts\/3656"}],"collection":[{"href":"https:\/\/www.ifbaiano.edu.br\/unidades\/santaines\/wp-json\/wp\/v2\/posts"}],"about":[{"href":"https:\/\/www.ifbaiano.edu.br\/unidades\/santaines\/wp-json\/wp\/v2\/types\/post"}],"author":[{"embeddable":true,"href":"https:\/\/www.ifbaiano.edu.br\/unidades\/santaines\/wp-json\/wp\/v2\/users\/1"}],"replies":[{"embeddable":true,"href":"https:\/\/www.ifbaiano.edu.br\/unidades\/santaines\/wp-json\/wp\/v2\/comments?post=3656"}],"version-history":[{"count":21,"href":"https:\/\/www.ifbaiano.edu.br\/unidades\/santaines\/wp-json\/wp\/v2\/posts\/3656\/revisions"}],"predecessor-version":[{"id":3682,"href":"https:\/\/www.ifbaiano.edu.br\/unidades\/santaines\/wp-json\/wp\/v2\/posts\/3656\/revisions\/3682"}],"wp:attachment":[{"href":"https:\/\/www.ifbaiano.edu.br\/unidades\/santaines\/wp-json\/wp\/v2\/media?parent=3656"}],"wp:term":[{"taxonomy":"category","embeddable":true,"href":"https:\/\/www.ifbaiano.edu.br\/unidades\/santaines\/wp-json\/wp\/v2\/categories?post=3656"},{"taxonomy":"post_tag","embeddable":true,"href":"https:\/\/www.ifbaiano.edu.br\/unidades\/santaines\/wp-json\/wp\/v2\/tags?post=3656"}],"curies":[{"name":"wp","href":"https:\/\/api.w.org\/{rel}","templated":true}]}}