{"id":3751,"date":"2013-10-09T07:58:36","date_gmt":"2013-10-09T10:58:36","guid":{"rendered":"http:\/\/www.ifbaiano.edu.br\/unidades\/santaines\/?p=3751"},"modified":"2013-11-11T11:12:27","modified_gmt":"2013-11-11T14:12:27","slug":"escolha-da-comissao-eleitoral","status":"publish","type":"post","link":"https:\/\/www.ifbaiano.edu.br\/unidades\/santaines\/escolha-da-comissao-eleitoral\/","title":{"rendered":"Escolha da Comiss\u00e3o Eleitoral"},"content":{"rendered":"<p style=\"text-align: justify\">O grupo de trabalho para a escolha da Comiss\u00e3o Eleitoral local do Instituto Federal de Educa\u00e7\u00e3o \u2013 <em>Campus<\/em> Santa In\u00eas, institu\u00edda pela portaria n\u00ba 104, de 08 de Outubro de 2013, convoca todos os servidores efetivos e discentes desta institui\u00e7\u00e3o para participarem da elei\u00e7\u00e3o para a escolha da comiss\u00e3o eleitoral local, conforme o edital n. 01 de 04 de Outubro de 2013 do Conselho Superior \u2013 CONSUP, no pr\u00f3ximo dia 11 de Outubro de 2013 (sexta \u2013 feira), no hor\u00e1rio das 08h \u00e0s 11h, das 13h e 30min \u00e0s 16h e 30min e 18h e 30min \u00e0s 20h, na \u00e1rea da cantina do <em>Campus<\/em>. A ficha de inscri\u00e7\u00e3o deve ser retirada e devolvida preenchida at\u00e9 o dia 09 de outubro de 2013 na biblioteca, no CGAE e no NAGP do <em>Campus<\/em>.<\/p>\n<p style=\"text-align: justify\">&#8211;<\/p>\n<p style=\"text-align: justify\"><a href=\"http:\/\/www.ifbaiano.edu.br\/unidades\/santaines\/files\/2013\/10\/Gt.pdf\">Ficha de inscri\u00e7\u00e3o e Convoca\u00e7\u00e3o<\/a><\/p>\n","protected":false},"excerpt":{"rendered":"<p>O grupo de trabalho para a escolha da Comiss\u00e3o Eleitoral local do Instituto Federal de Educa\u00e7\u00e3o \u2013 Campus Santa In\u00eas, institu\u00edda pela portaria n\u00ba 104, de 08 de Outubro de 2013, convoca todos os servidores efetivos e discentes desta institui\u00e7\u00e3o para participarem da elei\u00e7\u00e3o para a escolha da comiss\u00e3o eleitoral local<\/p>\n","protected":false},"author":1,"featured_media":0,"comment_status":"closed","ping_status":"closed","sticky":false,"template":"","format":"standard","meta":[],"categories":[10],"tags":[],"_links":{"self":[{"href":"https:\/\/www.ifbaiano.edu.br\/unidades\/santaines\/wp-json\/wp\/v2\/posts\/3751"}],"collection":[{"href":"https:\/\/www.ifbaiano.edu.br\/unidades\/santaines\/wp-json\/wp\/v2\/posts"}],"about":[{"href":"https:\/\/www.ifbaiano.edu.br\/unidades\/santaines\/wp-json\/wp\/v2\/types\/post"}],"author":[{"embeddable":true,"href":"https:\/\/www.ifbaiano.edu.br\/unidades\/santaines\/wp-json\/wp\/v2\/users\/1"}],"replies":[{"embeddable":true,"href":"https:\/\/www.ifbaiano.edu.br\/unidades\/santaines\/wp-json\/wp\/v2\/comments?post=3751"}],"version-history":[{"count":4,"href":"https:\/\/www.ifbaiano.edu.br\/unidades\/santaines\/wp-json\/wp\/v2\/posts\/3751\/revisions"}],"predecessor-version":[{"id":3765,"href":"https:\/\/www.ifbaiano.edu.br\/unidades\/santaines\/wp-json\/wp\/v2\/posts\/3751\/revisions\/3765"}],"wp:attachment":[{"href":"https:\/\/www.ifbaiano.edu.br\/unidades\/santaines\/wp-json\/wp\/v2\/media?parent=3751"}],"wp:term":[{"taxonomy":"category","embeddable":true,"href":"https:\/\/www.ifbaiano.edu.br\/unidades\/santaines\/wp-json\/wp\/v2\/categories?post=3751"},{"taxonomy":"post_tag","embeddable":true,"href":"https:\/\/www.ifbaiano.edu.br\/unidades\/santaines\/wp-json\/wp\/v2\/tags?post=3751"}],"curies":[{"name":"wp","href":"https:\/\/api.w.org\/{rel}","templated":true}]}}