{"id":3758,"date":"2013-10-10T09:30:57","date_gmt":"2013-10-10T12:30:57","guid":{"rendered":"http:\/\/www.ifbaiano.edu.br\/unidades\/santaines\/?p=3758"},"modified":"2013-10-10T16:06:05","modified_gmt":"2013-10-10T19:06:05","slug":"if-baiano-participar-do-xxi-congresso-sulamericano-de-parasitologia","status":"publish","type":"post","link":"https:\/\/www.ifbaiano.edu.br\/unidades\/santaines\/if-baiano-participar-do-xxi-congresso-sulamericano-de-parasitologia\/","title":{"rendered":"IF Baiano participa do XXI Congresso Sulamericano de Parasitologia"},"content":{"rendered":"<p style=\"text-align: justify\">Com grande satisfa\u00e7\u00e3o fa\u00e7o um relato das atividades que estou desenvolvendo em nome do IF Baiano ao participar do XXI CONGRESSO SULAMERICANO DE PARASITOLOGIA. Escrevo da cidade de Guaiaquil-Equador, onde ocorreu o evento de 06 a 09\/10.<\/p>\n<p style=\"text-align: justify\">Durante o maior evento de parasitologia da Am\u00e9rica do Sul, foi poss\u00edvel intercambio com pesquisadores de diversas pa\u00edses da Am\u00e9rica do Sul, como \u00e9 ilustrado em fotos com pesquisadores que atuam na Argentina, Peru, Equador e diversos outros pa\u00edses. Al\u00e9m de pesquisadores brasileiro, como o grupo de pesquisadores da Universidade Federal de Pelotas (UFPEL) e Dr Artur Dias, Presidente da Sociedade Brasileira de Parasitologia, regional Bahia.<\/p>\n<p style=\"text-align: justify\">Durante as noites ocorreram jantares com os pesquisadores brasileiros e tamb\u00e9m participa\u00e7\u00e3o da reuni\u00e3o com os representantes da parasitologia nos diferentes Pa\u00edses da Am\u00e9rica do Sul. Verdadeiramente os maiores parasitologistas das Am\u00e9ricas, como Dr Cimerman, Dr Naftale Katz e Dr luket (brasileiros). Este \u00faltimo presidente da Sociedade Brasileira de Parasitologia e o segundo presidente da Federa\u00e7\u00e3o Latinoamericana de Parasitologia (FLAP). Nesta reuni\u00e3o estavam representantes dos diferentes pa\u00edses da Am\u00e9rica do Sul e a representante de Honduras.<\/p>\n<p style=\"text-align: justify\">Durante a reuni\u00e3o da FLAP ficou confirmado que a Bahia ser\u00e1 a sede da XXIII FLAP em 2015, juntamente com CONGRESSO BRASILEIRO DE APRASITOLOGIA (o mesmo que vai acontecer este ano de 22 a 26\/10\/2013 em Florian\u00f3polis). Sendo que a XXII ser\u00e1 no M\u00e9xico juntamente com o Congresso Internacional de Parasitologia (ICOPA) a ser realizado de 10 a 14 de agosto 2014 na Cidade do M\u00e9xico.<\/p>\n<p style=\"text-align: justify\">Ficou acordado entre os pesquisadores Brasileiros que nos encontraremos em Florianopolis, durante o evento brasileiro, para divulgar o evento de 2015 e discutir os acertos necess\u00e1rios para um planejamento pr\u00e9vio.<\/p>\n<p style=\"text-align: justify\"><a href=\"http:\/\/www.ifbaiano.edu.br\/unidades\/santaines\/files\/2013\/10\/fotos-1.pdf\">Confira aqui as fotos do Evento<\/a><\/p>\n","protected":false},"excerpt":{"rendered":"<p>Com grande satisfa\u00e7\u00e3o fa\u00e7o um relato das atividades que estou desenvolvendo em nome do IF Baiano ao participar do XXI CONGRESSO SULAMERICANO DE PARASITOLOGIA. Escrevo da cidade de Guaiaquil-Equador, onde ocorreu o evento de 06 a 09\/10.<\/p>\n","protected":false},"author":1,"featured_media":0,"comment_status":"closed","ping_status":"closed","sticky":false,"template":"","format":"standard","meta":[],"categories":[10],"tags":[],"_links":{"self":[{"href":"https:\/\/www.ifbaiano.edu.br\/unidades\/santaines\/wp-json\/wp\/v2\/posts\/3758"}],"collection":[{"href":"https:\/\/www.ifbaiano.edu.br\/unidades\/santaines\/wp-json\/wp\/v2\/posts"}],"about":[{"href":"https:\/\/www.ifbaiano.edu.br\/unidades\/santaines\/wp-json\/wp\/v2\/types\/post"}],"author":[{"embeddable":true,"href":"https:\/\/www.ifbaiano.edu.br\/unidades\/santaines\/wp-json\/wp\/v2\/users\/1"}],"replies":[{"embeddable":true,"href":"https:\/\/www.ifbaiano.edu.br\/unidades\/santaines\/wp-json\/wp\/v2\/comments?post=3758"}],"version-history":[{"count":7,"href":"https:\/\/www.ifbaiano.edu.br\/unidades\/santaines\/wp-json\/wp\/v2\/posts\/3758\/revisions"}],"predecessor-version":[{"id":3767,"href":"https:\/\/www.ifbaiano.edu.br\/unidades\/santaines\/wp-json\/wp\/v2\/posts\/3758\/revisions\/3767"}],"wp:attachment":[{"href":"https:\/\/www.ifbaiano.edu.br\/unidades\/santaines\/wp-json\/wp\/v2\/media?parent=3758"}],"wp:term":[{"taxonomy":"category","embeddable":true,"href":"https:\/\/www.ifbaiano.edu.br\/unidades\/santaines\/wp-json\/wp\/v2\/categories?post=3758"},{"taxonomy":"post_tag","embeddable":true,"href":"https:\/\/www.ifbaiano.edu.br\/unidades\/santaines\/wp-json\/wp\/v2\/tags?post=3758"}],"curies":[{"name":"wp","href":"https:\/\/api.w.org\/{rel}","templated":true}]}}