{"id":3781,"date":"2013-10-16T10:36:50","date_gmt":"2013-10-16T13:36:50","guid":{"rendered":"http:\/\/www.ifbaiano.edu.br\/unidades\/santaines\/?p=3781"},"modified":"2013-11-11T11:13:57","modified_gmt":"2013-11-11T14:13:57","slug":"abertas-as-inscricoes-para-processo-seletivo-2014","status":"publish","type":"post","link":"https:\/\/www.ifbaiano.edu.br\/unidades\/santaines\/abertas-as-inscricoes-para-processo-seletivo-2014\/","title":{"rendered":"Abertas as inscri\u00e7\u00f5es para Processo Seletivo 2014"},"content":{"rendered":"<div>\n<div>\n<p style=\"text-align: right\">16\/10\/2013 \u00e0s 09h<\/p>\n<p><a href=\"http:\/\/www.ifbaiano.edu.br\/unidades\/lapa\/files\/2013\/10\/galera-prosel.jpg\"><img decoding=\"async\" loading=\"lazy\" src=\"http:\/\/www.ifbaiano.edu.br\/unidades\/lapa\/files\/2013\/10\/galera-prosel.jpg\" alt=\"\" width=\"645\" height=\"140\" \/><\/a><\/p>\n<p>&nbsp;<\/p>\n<p>&nbsp;<\/p>\n<p>&nbsp;<\/p>\n<p align=\"JUSTIFY\">No per\u00edodo de 15 de outubro a 24 de novembro, o Instituto Federal Baiano (IF Baiano) inscreve para o Processo Seletivo 2014 para ingresso de novos estudantes. S\u00e3o <strong>2.350\u00a0<\/strong>vagas ofertadas em 17 cursos t\u00e9cnicos distribu\u00eddos pelos dez\u00a0<em>campi<\/em> localizados nas cidades de Catu, Senhor do Bonfim, Guanambi, Santa In\u00eas, Governador Mangabeira, Bom Jesus da Lapa, Valen\u00e7a, Teixeira de Freitas, Uru\u00e7uca e Itapetinga. As inscri\u00e7\u00f5es ser\u00e3o feitas apenas pela internet, no <em>site<\/em> do Instituto, e ter\u00e1 taxa de R$ 10,00. <strong>Interessados em solicitar isen\u00e7\u00e3o t\u00eam at\u00e9 o dia <\/strong><strong>31 <\/strong><strong>de outubro para enviar pedido<\/strong>.<\/p>\n<p align=\"JUSTIFY\">Os cursos ofertados s\u00e3o para as modalidades integrada (para quem concluiu o ensino fundamental), subsequente (para quem concluiu o ensino m\u00e9dio) e PROEJA (para quem possui ensino fundamental completo e tem idade acima dos 18 anos). No ato da inscri\u00e7\u00e3o, o candidato dever\u00e1 preencher o formul\u00e1rio <em>online<\/em> com seus dados pessoais, o curso escolhido e optar pela ampla concorr\u00eancia, cotas para estudantes oriundos de escolas p\u00fablicas ou cotas para candidatos com necessidades educacionais espec\u00edficas.<\/p>\n<p align=\"JUSTIFY\"><strong>Acesse p\u00e1gina do Processo Seletivo<\/strong><strong><br \/>\n<\/strong><\/p>\n<p align=\"JUSTIFY\"><strong>Inscri\u00e7\u00f5es em www.ifbaiano.edu.br<a href=\"http:\/\/www.ifbaiano.edu.br\/reitoria\/wp-content\/uploads\/2013\/10\/Edital-147-2013-PROSEL-20141.pdf\"><br \/>\n<\/a><\/strong><\/p>\n<p align=\"JUSTIFY\"><strong>Mais informa\u00e7\u00f5es:<\/strong><\/p>\n<p align=\"JUSTIFY\"><a href=\"mailto:estudantes@concursos.ifbaiano.edu.br\">estudantes@concursos.ifbaiano.edu.br<\/a><\/p>\n<p align=\"JUSTIFY\"><em><br \/>\n<\/em><\/p>\n<p align=\"JUSTIFY\"><em>Ascom\/Reitoria<\/em><\/p>\n<\/div>\n<\/div>\n","protected":false},"excerpt":{"rendered":"<p>Per\u00edodo de inscri\u00e7\u00e3o ser\u00e1 de 15 de outubro a 24 de novembro<\/p>\n","protected":false},"author":35,"featured_media":0,"comment_status":"closed","ping_status":"closed","sticky":false,"template":"","format":"standard","meta":[],"categories":[13,5,10,8],"tags":[],"_links":{"self":[{"href":"https:\/\/www.ifbaiano.edu.br\/unidades\/santaines\/wp-json\/wp\/v2\/posts\/3781"}],"collection":[{"href":"https:\/\/www.ifbaiano.edu.br\/unidades\/santaines\/wp-json\/wp\/v2\/posts"}],"about":[{"href":"https:\/\/www.ifbaiano.edu.br\/unidades\/santaines\/wp-json\/wp\/v2\/types\/post"}],"author":[{"embeddable":true,"href":"https:\/\/www.ifbaiano.edu.br\/unidades\/santaines\/wp-json\/wp\/v2\/users\/35"}],"replies":[{"embeddable":true,"href":"https:\/\/www.ifbaiano.edu.br\/unidades\/santaines\/wp-json\/wp\/v2\/comments?post=3781"}],"version-history":[{"count":6,"href":"https:\/\/www.ifbaiano.edu.br\/unidades\/santaines\/wp-json\/wp\/v2\/posts\/3781\/revisions"}],"predecessor-version":[{"id":3913,"href":"https:\/\/www.ifbaiano.edu.br\/unidades\/santaines\/wp-json\/wp\/v2\/posts\/3781\/revisions\/3913"}],"wp:attachment":[{"href":"https:\/\/www.ifbaiano.edu.br\/unidades\/santaines\/wp-json\/wp\/v2\/media?parent=3781"}],"wp:term":[{"taxonomy":"category","embeddable":true,"href":"https:\/\/www.ifbaiano.edu.br\/unidades\/santaines\/wp-json\/wp\/v2\/categories?post=3781"},{"taxonomy":"post_tag","embeddable":true,"href":"https:\/\/www.ifbaiano.edu.br\/unidades\/santaines\/wp-json\/wp\/v2\/tags?post=3781"}],"curies":[{"name":"wp","href":"https:\/\/api.w.org\/{rel}","templated":true}]}}