{"id":3784,"date":"2013-10-17T15:55:59","date_gmt":"2013-10-17T18:55:59","guid":{"rendered":"http:\/\/www.ifbaiano.edu.br\/unidades\/santaines\/?p=3784"},"modified":"2013-10-17T16:19:06","modified_gmt":"2013-10-17T19:19:06","slug":"comemoracao-da-semana-nacional-do-livro-e-da-biblioteca","status":"publish","type":"post","link":"https:\/\/www.ifbaiano.edu.br\/unidades\/santaines\/comemoracao-da-semana-nacional-do-livro-e-da-biblioteca\/","title":{"rendered":"Comemora\u00e7\u00e3o da semana nacional do livro e da biblioteca"},"content":{"rendered":"<p style=\"text-align: justify\">Entre os dias 24 e 31 de outubro a Biblioteca do campus Santa In\u00eas realizar\u00e1 diversas atividades em comemora\u00e7\u00e3o a Semana Nacional do Livro e da Biblioteca. Institu\u00edda pelo Decreto n\u00ba 84.631, em 1980, a semana tem como objetivo incentivar a leitura e estimular a constru\u00e7\u00e3o do conhecimento, al\u00e9m de\u00a0difundir o livro e o papel da biblioteca como instrumento de democratiza\u00e7\u00e3o e acesso \u00e0 informa\u00e7\u00e3o.<\/p>\n<p style=\"text-align: justify\"><a href=\"http:\/\/www.ifbaiano.edu.br\/unidades\/santaines\/files\/2013\/10\/Semana-Nacional-do-Livro-e-da-Biblioteca9.jpg\"><img decoding=\"async\" loading=\"lazy\" class=\"alignleft size-medium wp-image-3802\" src=\"http:\/\/www.ifbaiano.edu.br\/unidades\/santaines\/files\/2013\/10\/Semana-Nacional-do-Livro-e-da-Biblioteca9-245x300.jpg\" alt=\"\" width=\"245\" height=\"300\" srcset=\"https:\/\/www.ifbaiano.edu.br\/unidades\/santaines\/files\/2013\/10\/Semana-Nacional-do-Livro-e-da-Biblioteca9-245x300.jpg 245w, https:\/\/www.ifbaiano.edu.br\/unidades\/santaines\/files\/2013\/10\/Semana-Nacional-do-Livro-e-da-Biblioteca9-400x489.jpg 400w, https:\/\/www.ifbaiano.edu.br\/unidades\/santaines\/files\/2013\/10\/Semana-Nacional-do-Livro-e-da-Biblioteca9.jpg 717w\" sizes=\"(max-width: 245px) 100vw, 245px\" \/><\/a><\/p>\n<p style=\"text-align: justify\">\n<p style=\"text-align: justify\">\n","protected":false},"excerpt":{"rendered":"<p>Entre os dias 24 e 31 de outubro a Biblioteca do campus Santa In\u00eas realizar\u00e1 diversas atividades em comemora\u00e7\u00e3o a Semana Nacional do Livro e da Biblioteca.<\/p>\n","protected":false},"author":1,"featured_media":3802,"comment_status":"closed","ping_status":"closed","sticky":false,"template":"","format":"standard","meta":[],"categories":[10],"tags":[],"_links":{"self":[{"href":"https:\/\/www.ifbaiano.edu.br\/unidades\/santaines\/wp-json\/wp\/v2\/posts\/3784"}],"collection":[{"href":"https:\/\/www.ifbaiano.edu.br\/unidades\/santaines\/wp-json\/wp\/v2\/posts"}],"about":[{"href":"https:\/\/www.ifbaiano.edu.br\/unidades\/santaines\/wp-json\/wp\/v2\/types\/post"}],"author":[{"embeddable":true,"href":"https:\/\/www.ifbaiano.edu.br\/unidades\/santaines\/wp-json\/wp\/v2\/users\/1"}],"replies":[{"embeddable":true,"href":"https:\/\/www.ifbaiano.edu.br\/unidades\/santaines\/wp-json\/wp\/v2\/comments?post=3784"}],"version-history":[{"count":8,"href":"https:\/\/www.ifbaiano.edu.br\/unidades\/santaines\/wp-json\/wp\/v2\/posts\/3784\/revisions"}],"predecessor-version":[{"id":3792,"href":"https:\/\/www.ifbaiano.edu.br\/unidades\/santaines\/wp-json\/wp\/v2\/posts\/3784\/revisions\/3792"}],"wp:featuredmedia":[{"embeddable":true,"href":"https:\/\/www.ifbaiano.edu.br\/unidades\/santaines\/wp-json\/wp\/v2\/media\/3802"}],"wp:attachment":[{"href":"https:\/\/www.ifbaiano.edu.br\/unidades\/santaines\/wp-json\/wp\/v2\/media?parent=3784"}],"wp:term":[{"taxonomy":"category","embeddable":true,"href":"https:\/\/www.ifbaiano.edu.br\/unidades\/santaines\/wp-json\/wp\/v2\/categories?post=3784"},{"taxonomy":"post_tag","embeddable":true,"href":"https:\/\/www.ifbaiano.edu.br\/unidades\/santaines\/wp-json\/wp\/v2\/tags?post=3784"}],"curies":[{"name":"wp","href":"https:\/\/api.w.org\/{rel}","templated":true}]}}