{"id":3804,"date":"2013-10-18T09:15:36","date_gmt":"2013-10-18T12:15:36","guid":{"rendered":"http:\/\/www.ifbaiano.edu.br\/unidades\/santaines\/?p=3804"},"modified":"2013-10-18T09:38:10","modified_gmt":"2013-10-18T12:38:10","slug":"edital-de-selecao-de-estagiarios","status":"publish","type":"post","link":"https:\/\/www.ifbaiano.edu.br\/unidades\/santaines\/edital-de-selecao-de-estagiarios\/","title":{"rendered":"Edital de Sele\u00e7\u00e3o de Estagi\u00e1rios"},"content":{"rendered":"<p style=\"text-align: justify\">O diretor geral do Instituto Federal de Educa\u00e7\u00e3o, Ci\u00eancia e Tecnologia Baiano \u2013 <em>Campus<\/em> Santa In\u00eas, no uso de suas atribui\u00e7\u00f5es legais e regimentais, e considerando a Lei n\u00ba 11.788, de 25\/09\/2008 e da Orienta\u00e7\u00e3o Normativa SRH\/MPOG n\u00ba 7 de 30 de outubro de 2008, visando o treinamento de recursos humanos, torna p\u00fablica a abertura de inscri\u00e7\u00f5es destinada \u00e0 sele\u00e7\u00e3o de estagi\u00e1rio, para o quadro de estagi\u00e1rios do Instituto Federal de Educa\u00e7\u00e3o, Ci\u00eancia e Tecnologia Baiano \u2013 <em>Campus<\/em> Santa In\u00eas.<\/p>\n<p style=\"text-align: justify\"><a href=\"http:\/\/www.ifbaiano.edu.br\/unidades\/santaines\/files\/2013\/10\/EDITAL-DE-SELECAO-DE-ESTAGIARIOS-atual-superior.pdf\">CONFIRA O EDITAL <\/a><\/p>\n","protected":false},"excerpt":{"rendered":"<p>O diretor geral do Instituto Federal de Educa\u00e7\u00e3o, Ci\u00eancia e Tecnologia Baiano \u2013 Campus Santa In\u00eas, no uso de suas atribui\u00e7\u00f5es legais e regimentais, visando o treinamento de recursos humanos, torna p\u00fablica a abertura de inscri\u00e7\u00f5es destinada \u00e0 sele\u00e7\u00e3o de estagi\u00e1rio.<\/p>\n","protected":false},"author":1,"featured_media":0,"comment_status":"closed","ping_status":"closed","sticky":false,"template":"","format":"standard","meta":[],"categories":[10],"tags":[],"_links":{"self":[{"href":"https:\/\/www.ifbaiano.edu.br\/unidades\/santaines\/wp-json\/wp\/v2\/posts\/3804"}],"collection":[{"href":"https:\/\/www.ifbaiano.edu.br\/unidades\/santaines\/wp-json\/wp\/v2\/posts"}],"about":[{"href":"https:\/\/www.ifbaiano.edu.br\/unidades\/santaines\/wp-json\/wp\/v2\/types\/post"}],"author":[{"embeddable":true,"href":"https:\/\/www.ifbaiano.edu.br\/unidades\/santaines\/wp-json\/wp\/v2\/users\/1"}],"replies":[{"embeddable":true,"href":"https:\/\/www.ifbaiano.edu.br\/unidades\/santaines\/wp-json\/wp\/v2\/comments?post=3804"}],"version-history":[{"count":4,"href":"https:\/\/www.ifbaiano.edu.br\/unidades\/santaines\/wp-json\/wp\/v2\/posts\/3804\/revisions"}],"predecessor-version":[{"id":3808,"href":"https:\/\/www.ifbaiano.edu.br\/unidades\/santaines\/wp-json\/wp\/v2\/posts\/3804\/revisions\/3808"}],"wp:attachment":[{"href":"https:\/\/www.ifbaiano.edu.br\/unidades\/santaines\/wp-json\/wp\/v2\/media?parent=3804"}],"wp:term":[{"taxonomy":"category","embeddable":true,"href":"https:\/\/www.ifbaiano.edu.br\/unidades\/santaines\/wp-json\/wp\/v2\/categories?post=3804"},{"taxonomy":"post_tag","embeddable":true,"href":"https:\/\/www.ifbaiano.edu.br\/unidades\/santaines\/wp-json\/wp\/v2\/tags?post=3804"}],"curies":[{"name":"wp","href":"https:\/\/api.w.org\/{rel}","templated":true}]}}