{"id":3830,"date":"2013-11-01T09:19:04","date_gmt":"2013-11-01T12:19:04","guid":{"rendered":"http:\/\/www.ifbaiano.edu.br\/unidades\/santaines\/?p=3830"},"modified":"2013-11-04T08:59:02","modified_gmt":"2013-11-04T11:59:02","slug":"vii-simposio-internacional-sobre-cogumelos-no-basil","status":"publish","type":"post","link":"https:\/\/www.ifbaiano.edu.br\/unidades\/santaines\/vii-simposio-internacional-sobre-cogumelos-no-basil\/","title":{"rendered":"VII Simp\u00f3sio Internacional sobre Cogumelos no Basil"},"content":{"rendered":"<p style=\"text-align: justify\">Aconteceu no per\u00edodo entre 12 a 15 de outubro do corrente ano o VII SIMP\u00d3SIO INTERNACIONAL SOBRE COGUMELOS NO BRASIL. O evento realizado na cidade de Manaus, proporcionou debates relacionados \u00e0 import\u00e2ncia da produ\u00e7\u00e3o e consumo de cogumelos comest\u00edveis e medicinais com a colabora\u00e7\u00e3o de palestrantes de diversos pa\u00edses.<\/p>\n<p style=\"text-align: justify\">Na ocasi\u00e3o o D. Sc Vin\u00edcius Reis de Figueir\u00eado (Prof. IF BAIANO \u2013 Santa In\u00eas) esteve presente divulgando o trabalho intitulado &#8220;PRIMEIRO REGISTRO DE <em>Favolus brasilienis<\/em> (Fr.) Fr., APHYLLOPHORALES, EM GHANA (\u00c1FRICA)&#8221;. Este trabalho \u00e9 fruto da participa\u00e7\u00e3o do professor em um projeto de pesquisa internacional com coopera\u00e7\u00e3o t\u00e9cnica do CSIR-INRA (Ghana &#8211; \u00c1frica), EMBRAPA e IF BAIANO.<\/p>\n<p style=\"text-align: justify\"><a href=\"http:\/\/www.ifbaiano.edu.br\/unidades\/santaines\/files\/2013\/11\/SITE-IF-BAIANO.pdf\">CONFIRA AS FOTOS AQUI.<\/a><\/p>\n<p style=\"text-align: justify\">\n","protected":false},"excerpt":{"rendered":"<p>Aconteceu no per\u00edodo entre 12 a 15 de outubro do corrente ano o VII SIMP\u00d3SIO INTERNACIONAL SOBRE COGUMELOS NO BRASIL.<\/p>\n","protected":false},"author":1,"featured_media":0,"comment_status":"closed","ping_status":"closed","sticky":false,"template":"","format":"standard","meta":[],"categories":[10],"tags":[],"_links":{"self":[{"href":"https:\/\/www.ifbaiano.edu.br\/unidades\/santaines\/wp-json\/wp\/v2\/posts\/3830"}],"collection":[{"href":"https:\/\/www.ifbaiano.edu.br\/unidades\/santaines\/wp-json\/wp\/v2\/posts"}],"about":[{"href":"https:\/\/www.ifbaiano.edu.br\/unidades\/santaines\/wp-json\/wp\/v2\/types\/post"}],"author":[{"embeddable":true,"href":"https:\/\/www.ifbaiano.edu.br\/unidades\/santaines\/wp-json\/wp\/v2\/users\/1"}],"replies":[{"embeddable":true,"href":"https:\/\/www.ifbaiano.edu.br\/unidades\/santaines\/wp-json\/wp\/v2\/comments?post=3830"}],"version-history":[{"count":5,"href":"https:\/\/www.ifbaiano.edu.br\/unidades\/santaines\/wp-json\/wp\/v2\/posts\/3830\/revisions"}],"predecessor-version":[{"id":3861,"href":"https:\/\/www.ifbaiano.edu.br\/unidades\/santaines\/wp-json\/wp\/v2\/posts\/3830\/revisions\/3861"}],"wp:attachment":[{"href":"https:\/\/www.ifbaiano.edu.br\/unidades\/santaines\/wp-json\/wp\/v2\/media?parent=3830"}],"wp:term":[{"taxonomy":"category","embeddable":true,"href":"https:\/\/www.ifbaiano.edu.br\/unidades\/santaines\/wp-json\/wp\/v2\/categories?post=3830"},{"taxonomy":"post_tag","embeddable":true,"href":"https:\/\/www.ifbaiano.edu.br\/unidades\/santaines\/wp-json\/wp\/v2\/tags?post=3830"}],"curies":[{"name":"wp","href":"https:\/\/api.w.org\/{rel}","templated":true}]}}