{"id":3837,"date":"2013-11-01T10:47:15","date_gmt":"2013-11-01T13:47:15","guid":{"rendered":"http:\/\/www.ifbaiano.edu.br\/unidades\/santaines\/?p=3837"},"modified":"2013-11-01T10:47:15","modified_gmt":"2013-11-01T13:47:15","slug":"dia-do-egresso-2","status":"publish","type":"post","link":"https:\/\/www.ifbaiano.edu.br\/unidades\/santaines\/dia-do-egresso-2\/","title":{"rendered":"Dia do Egresso"},"content":{"rendered":"<p>Rever os ex-alunos, trocar\u00a0 ideias, informa\u00e7\u00f5es e matar a saudade \u00e9 realmente muito prazeroso. Assim, o Dia do Egresso do Campus Santa In\u00eas est\u00e1 sendo preparado pela equipe com muito carinho e aguardado com muita ansiedade.<\/p>\n<p>A antiga EAFSI, hoje, IFBAIANO Campus Santa In\u00eas formou centenas de profissionais em diferentes \u00e1reas de atua\u00e7\u00e3o. A expectativa \u00e9 de que o encontro re\u00fana grande parte dos ex-alunos e que seja um momento de confraterniza\u00e7\u00e3o e de socializa\u00e7\u00e3o de hist\u00f3rias entre os egressos da Institui\u00e7\u00e3o.<\/p>\n<p>FA\u00c7A SUA INSCRI\u00c7\u00c3O AQUI.<\/p>\n<p><a href=\"https:\/\/www.facebook.com\/l.php?u=https%3A%2F%2Fdocs.google.com%2Fforms%2Fd%2F1u-JPpb8aLvAh7Gviu6UjVWeIugGS1f9CN7fUwioKA8Q%2Fviewform&amp;h=9AQG8P848\" rel=\"nofollow\" target=\"_blank\">https:\/\/docs.google.com\/forms\/d\/1uJPpb8aLvAh7Gviu6UjVWeIugGS1f9CN7fUwioKA8Q\/viewform<\/a><\/p>\n<p>&nbsp;<\/p>\n<p>&nbsp;<\/p>\n","protected":false},"excerpt":{"rendered":"<p>15 de novembro de 2013 a partir das 8:00 no If Baiano Campus Santa In\u00eas.<\/p>\n","protected":false},"author":1,"featured_media":0,"comment_status":"closed","ping_status":"closed","sticky":false,"template":"","format":"standard","meta":[],"categories":[10],"tags":[],"_links":{"self":[{"href":"https:\/\/www.ifbaiano.edu.br\/unidades\/santaines\/wp-json\/wp\/v2\/posts\/3837"}],"collection":[{"href":"https:\/\/www.ifbaiano.edu.br\/unidades\/santaines\/wp-json\/wp\/v2\/posts"}],"about":[{"href":"https:\/\/www.ifbaiano.edu.br\/unidades\/santaines\/wp-json\/wp\/v2\/types\/post"}],"author":[{"embeddable":true,"href":"https:\/\/www.ifbaiano.edu.br\/unidades\/santaines\/wp-json\/wp\/v2\/users\/1"}],"replies":[{"embeddable":true,"href":"https:\/\/www.ifbaiano.edu.br\/unidades\/santaines\/wp-json\/wp\/v2\/comments?post=3837"}],"version-history":[{"count":5,"href":"https:\/\/www.ifbaiano.edu.br\/unidades\/santaines\/wp-json\/wp\/v2\/posts\/3837\/revisions"}],"predecessor-version":[{"id":3855,"href":"https:\/\/www.ifbaiano.edu.br\/unidades\/santaines\/wp-json\/wp\/v2\/posts\/3837\/revisions\/3855"}],"wp:attachment":[{"href":"https:\/\/www.ifbaiano.edu.br\/unidades\/santaines\/wp-json\/wp\/v2\/media?parent=3837"}],"wp:term":[{"taxonomy":"category","embeddable":true,"href":"https:\/\/www.ifbaiano.edu.br\/unidades\/santaines\/wp-json\/wp\/v2\/categories?post=3837"},{"taxonomy":"post_tag","embeddable":true,"href":"https:\/\/www.ifbaiano.edu.br\/unidades\/santaines\/wp-json\/wp\/v2\/tags?post=3837"}],"curies":[{"name":"wp","href":"https:\/\/api.w.org\/{rel}","templated":true}]}}