{"id":3857,"date":"2013-11-04T08:58:27","date_gmt":"2013-11-04T11:58:27","guid":{"rendered":"http:\/\/www.ifbaiano.edu.br\/unidades\/santaines\/?p=3857"},"modified":"2013-11-05T15:03:48","modified_gmt":"2013-11-05T18:03:48","slug":"licenciatura-em-ciencias-biologicas-consup-aprova-novo-nome-e-projeto-pedagogico","status":"publish","type":"post","link":"https:\/\/www.ifbaiano.edu.br\/unidades\/santaines\/licenciatura-em-ciencias-biologicas-consup-aprova-novo-nome-e-projeto-pedagogico\/","title":{"rendered":"Licenciatura em Ci\u00eancias Biol\u00f3gicas: CONSUP Aprova Novo Nome e Projeto Pedag\u00f3gico"},"content":{"rendered":"<p style=\"text-align: justify\">No dia 24 de outubro de 2013, o Conselho Superior do IF Baiano aprovou a altera\u00e7\u00e3o do nome do Curso de &#8220;Licenciatura em Biologia&#8221; para &#8220;Licenciatura em Ci\u00eancias Biol\u00f3gicas&#8221;, bem como o novo Projeto Pedag\u00f3gico do Curso (PPC).<\/p>\n<p>O Novo PPC de Licenciatura em Ci\u00eancias Biol\u00f3gicas \u00e9 a express\u00e3o do ide\u00e1rio e objetivos de um coletivo, que neste momento hist\u00f3rico, pensa e planeja o curso, visando preparar pessoas para o pleno exerc\u00edcio da doc\u00eancia em Ci\u00eancias Biol\u00f3gicas e da cidadania, capazes de, atrav\u00e9s da tr\u00edade ensino-pesquisa-extens\u00e3o, contribuir para o desenvolvimento social e econ\u00f4mico regional, tendo como base a responsabilidade ambiental e a diversidade humana e cultural.<\/p>\n<p>Segundo a Profa. Dra. Rosineide Braz Santos Fonseca, Coordenadora do Curso, o Processo de Reformula\u00e7\u00e3o do PPC de Licenciatura em Ci\u00eancias Biol\u00f3gicas ocorreu concomitantemente com os Processos de Reformula\u00e7\u00e3o dos PPCs dos demais Cursos de Gradua\u00e7\u00e3o do IF Baiano, o que possibilitou uma articula\u00e7\u00e3o entre as discuss\u00f5es colegiadas locais e \u00e0quelas envolvendo representantes leg\u00edtimos de todos os Cursos, sobretudo os Cursos de Licenciaturas. Neste contexto, orquestrada pela Coordena\u00e7\u00e3o Geral da Educa\u00e7\u00e3o Superior\/PROEN, buscou-se criar a Identidade das Licenciaturas do IF Baiano, considerando as especificidades locais\/regionais e dos Cursos.<\/p>\n<p>A Reformula\u00e7\u00e3o do PPC de Licenciatura em Ci\u00eancias Biol\u00f3gicas culminou na an\u00e1lise, discuss\u00e3o e na reformula\u00e7\u00e3o de v\u00e1rios documentos did\u00e1tico-pedag\u00f3gicos que regem o Curso, a exemplo do Regulamento do Est\u00e1gio Supervisionado, Regulamento de Atividades Complementares e Regulamento do Trabalho de Conclus\u00e3o do Curso.<\/p>\n","protected":false},"excerpt":{"rendered":"<p>No dia 24 de outubro de 2013, o Conselho Superior do IF Baiano aprovou a altera\u00e7\u00e3o do nome do Curso de &#8220;Licenciatura em Biologia&#8221;<\/p>\n","protected":false},"author":1,"featured_media":0,"comment_status":"closed","ping_status":"closed","sticky":false,"template":"","format":"standard","meta":[],"categories":[10],"tags":[],"_links":{"self":[{"href":"https:\/\/www.ifbaiano.edu.br\/unidades\/santaines\/wp-json\/wp\/v2\/posts\/3857"}],"collection":[{"href":"https:\/\/www.ifbaiano.edu.br\/unidades\/santaines\/wp-json\/wp\/v2\/posts"}],"about":[{"href":"https:\/\/www.ifbaiano.edu.br\/unidades\/santaines\/wp-json\/wp\/v2\/types\/post"}],"author":[{"embeddable":true,"href":"https:\/\/www.ifbaiano.edu.br\/unidades\/santaines\/wp-json\/wp\/v2\/users\/1"}],"replies":[{"embeddable":true,"href":"https:\/\/www.ifbaiano.edu.br\/unidades\/santaines\/wp-json\/wp\/v2\/comments?post=3857"}],"version-history":[{"count":7,"href":"https:\/\/www.ifbaiano.edu.br\/unidades\/santaines\/wp-json\/wp\/v2\/posts\/3857\/revisions"}],"predecessor-version":[{"id":3863,"href":"https:\/\/www.ifbaiano.edu.br\/unidades\/santaines\/wp-json\/wp\/v2\/posts\/3857\/revisions\/3863"}],"wp:attachment":[{"href":"https:\/\/www.ifbaiano.edu.br\/unidades\/santaines\/wp-json\/wp\/v2\/media?parent=3857"}],"wp:term":[{"taxonomy":"category","embeddable":true,"href":"https:\/\/www.ifbaiano.edu.br\/unidades\/santaines\/wp-json\/wp\/v2\/categories?post=3857"},{"taxonomy":"post_tag","embeddable":true,"href":"https:\/\/www.ifbaiano.edu.br\/unidades\/santaines\/wp-json\/wp\/v2\/tags?post=3857"}],"curies":[{"name":"wp","href":"https:\/\/api.w.org\/{rel}","templated":true}]}}