{"id":3881,"date":"2013-11-07T05:42:44","date_gmt":"2013-11-07T08:42:44","guid":{"rendered":"http:\/\/www.ifbaiano.edu.br\/unidades\/santaines\/?p=3881"},"modified":"2013-11-07T06:02:30","modified_gmt":"2013-11-07T09:02:30","slug":"concessao-de-uso-remunerado-de-espaco-fisico-para-exploracao-do-espaco-da-cantina-e-das-areas-extensivas","status":"publish","type":"post","link":"https:\/\/www.ifbaiano.edu.br\/unidades\/santaines\/concessao-de-uso-remunerado-de-espaco-fisico-para-exploracao-do-espaco-da-cantina-e-das-areas-extensivas\/","title":{"rendered":"Concess\u00e3o de uso remunerado de espa\u00e7o f\u00edsico para explora\u00e7\u00e3o do espa\u00e7o da Cantina e  das \u00e1reas extensivas"},"content":{"rendered":"<pre><a href=\"http:\/\/www.ifbaiano.edu.br\/unidades\/santaines\/files\/2013\/11\/Edital_Concorrencia_01_2013.pdf\">Edital n\u00ba 66\/2013- CONCORR\u00caNCIA P\u00daBLICA N\u00ba. 01\/2013. Processo n\u00ba 23332.000632\/2013-40<\/a>\r\nConcess\u00e3o de uso remunerado de espa\u00e7o f\u00edsico para explora\u00e7\u00e3o do espa\u00e7o da Cantina e\r\ndas \u00e1reas extensivas (Pavilh\u00e3o de Inform\u00e1tica e Agroind\u00fastria) do  IF Baiano, Campus Santa In\u00eas.<\/pre>\n<pre><\/pre>\n<pre><a href=\"http:\/\/www.ifbaiano.edu.br\/unidades\/santaines\/files\/2013\/11\/Edital_Concorrencia_01_2013.pdf\">Acessar edital<\/a>!<\/pre>\n<pre><a href=\"http:\/\/www.ifbaiano.edu.br\/unidades\/santaines\/2013-2\/\" target=\"_blank\">Acesse tamb\u00e9m atrav\u00e9s da aba Licita\u00e7\u00f5es -&gt; 2013<\/a><\/pre>\n","protected":false},"excerpt":{"rendered":"<p>Acesse o Edital n\u00ba 66\/2013- CONCORR\u00caNCIA P\u00daBLICA N\u00ba. 01\/2013. Processo n\u00ba 23332.000632\/2013-40<\/p>\n<p><a href=\"http:\/\/www.ifbaiano.edu.br\/unidades\/santaines\/2013-2\/\">Acesso tamb\u00e9m pela aba Licita\u00e7\u00f5es -&gt; 2013<\/a><\/p>\n","protected":false},"author":7,"featured_media":0,"comment_status":"closed","ping_status":"closed","sticky":false,"template":"","format":"standard","meta":[],"categories":[10],"tags":[],"_links":{"self":[{"href":"https:\/\/www.ifbaiano.edu.br\/unidades\/santaines\/wp-json\/wp\/v2\/posts\/3881"}],"collection":[{"href":"https:\/\/www.ifbaiano.edu.br\/unidades\/santaines\/wp-json\/wp\/v2\/posts"}],"about":[{"href":"https:\/\/www.ifbaiano.edu.br\/unidades\/santaines\/wp-json\/wp\/v2\/types\/post"}],"author":[{"embeddable":true,"href":"https:\/\/www.ifbaiano.edu.br\/unidades\/santaines\/wp-json\/wp\/v2\/users\/7"}],"replies":[{"embeddable":true,"href":"https:\/\/www.ifbaiano.edu.br\/unidades\/santaines\/wp-json\/wp\/v2\/comments?post=3881"}],"version-history":[{"count":10,"href":"https:\/\/www.ifbaiano.edu.br\/unidades\/santaines\/wp-json\/wp\/v2\/posts\/3881\/revisions"}],"predecessor-version":[{"id":3885,"href":"https:\/\/www.ifbaiano.edu.br\/unidades\/santaines\/wp-json\/wp\/v2\/posts\/3881\/revisions\/3885"}],"wp:attachment":[{"href":"https:\/\/www.ifbaiano.edu.br\/unidades\/santaines\/wp-json\/wp\/v2\/media?parent=3881"}],"wp:term":[{"taxonomy":"category","embeddable":true,"href":"https:\/\/www.ifbaiano.edu.br\/unidades\/santaines\/wp-json\/wp\/v2\/categories?post=3881"},{"taxonomy":"post_tag","embeddable":true,"href":"https:\/\/www.ifbaiano.edu.br\/unidades\/santaines\/wp-json\/wp\/v2\/tags?post=3881"}],"curies":[{"name":"wp","href":"https:\/\/api.w.org\/{rel}","templated":true}]}}