{"id":3918,"date":"2013-11-11T14:50:25","date_gmt":"2013-11-11T17:50:25","guid":{"rendered":"http:\/\/www.ifbaiano.edu.br\/unidades\/santaines\/?p=3918"},"modified":"2013-11-13T13:38:11","modified_gmt":"2013-11-13T16:38:11","slug":"inicio-do-semestre-2013-2-dos-cursos-superiores","status":"publish","type":"post","link":"https:\/\/www.ifbaiano.edu.br\/unidades\/santaines\/inicio-do-semestre-2013-2-dos-cursos-superiores\/","title":{"rendered":"In\u00edcio do Semestre 2013.2 dos Cursos Superiores"},"content":{"rendered":"<p>Informamos aos discentes dos Cursos Superiores do IF Baiano, Campus Santa In\u00eas que as atividades letivas do Semestre 2013.2 iniciar\u00e3o no dia 18\/11\/2013, conforme programa\u00e7\u00e3o abaixo:<\/p>\n<p>Local: Audit\u00f3rio da Biblioteca<br \/>\nHor\u00e1rio: 09h00min<br \/>\nAtividade: Recep\u00e7\u00e3o\/Informa\u00e7\u00f5es<br \/>\nP\u00fablico Alvo: Ingressantes do Curso de Bacharelado em Zootecnia<\/p>\n<p>Local: Audit\u00f3rio da Biblioteca<br \/>\nHor\u00e1rio: 19h00min<br \/>\nAtividade: Recep\u00e7\u00e3o\/Informa\u00e7\u00f5es (Aula Inaugural)e in\u00edcio das atividades do Projeto Novembro Negro<br \/>\nP\u00fablico Alvo: Discentes dos Cursos de Bacharelado em Zootecnia, Licenciatura em Ci\u00eancias Biol\u00f3gicas e em Geografia<\/p>\n","protected":false},"excerpt":{"rendered":"<p>Informamos aos discentes dos Cursos Superiores do IF Baiano, Campus Santa In\u00eas que as atividades letivas do Semestre 2013.2 iniciar\u00e3o no dia 18\/11\/2013, conforme programa\u00e7\u00e3o abaixo<\/p>\n","protected":false},"author":1,"featured_media":0,"comment_status":"closed","ping_status":"closed","sticky":false,"template":"","format":"standard","meta":[],"categories":[10],"tags":[],"_links":{"self":[{"href":"https:\/\/www.ifbaiano.edu.br\/unidades\/santaines\/wp-json\/wp\/v2\/posts\/3918"}],"collection":[{"href":"https:\/\/www.ifbaiano.edu.br\/unidades\/santaines\/wp-json\/wp\/v2\/posts"}],"about":[{"href":"https:\/\/www.ifbaiano.edu.br\/unidades\/santaines\/wp-json\/wp\/v2\/types\/post"}],"author":[{"embeddable":true,"href":"https:\/\/www.ifbaiano.edu.br\/unidades\/santaines\/wp-json\/wp\/v2\/users\/1"}],"replies":[{"embeddable":true,"href":"https:\/\/www.ifbaiano.edu.br\/unidades\/santaines\/wp-json\/wp\/v2\/comments?post=3918"}],"version-history":[{"count":5,"href":"https:\/\/www.ifbaiano.edu.br\/unidades\/santaines\/wp-json\/wp\/v2\/posts\/3918\/revisions"}],"predecessor-version":[{"id":3927,"href":"https:\/\/www.ifbaiano.edu.br\/unidades\/santaines\/wp-json\/wp\/v2\/posts\/3918\/revisions\/3927"}],"wp:attachment":[{"href":"https:\/\/www.ifbaiano.edu.br\/unidades\/santaines\/wp-json\/wp\/v2\/media?parent=3918"}],"wp:term":[{"taxonomy":"category","embeddable":true,"href":"https:\/\/www.ifbaiano.edu.br\/unidades\/santaines\/wp-json\/wp\/v2\/categories?post=3918"},{"taxonomy":"post_tag","embeddable":true,"href":"https:\/\/www.ifbaiano.edu.br\/unidades\/santaines\/wp-json\/wp\/v2\/tags?post=3918"}],"curies":[{"name":"wp","href":"https:\/\/api.w.org\/{rel}","templated":true}]}}