{"id":4055,"date":"2013-12-04T10:38:58","date_gmt":"2013-12-04T13:38:58","guid":{"rendered":"http:\/\/www.ifbaiano.edu.br\/unidades\/santaines\/?p=4055"},"modified":"2013-12-04T10:38:58","modified_gmt":"2013-12-04T13:38:58","slug":"informativo-sobre-o-processo-seletivo-2014","status":"publish","type":"post","link":"https:\/\/www.ifbaiano.edu.br\/unidades\/santaines\/informativo-sobre-o-processo-seletivo-2014\/","title":{"rendered":"Informativo Sobre o Processo seletivo 2014"},"content":{"rendered":"<p style=\"text-align: justify\">A Comiss\u00e3o do Processo Seletivo para ingresso de estudantes 2014 informa que os candidatos que n\u00e3o tiveram suas inscri\u00e7\u00f5es homologadas e seus locais de prova definidos, dever\u00e3o procurar, no dia da prova, o\u00a0Coordenador local do Processo Seletivo, munidos do boleto, comprovante\u00a0de pagamento e documento oficial de identifica\u00e7\u00e3o (original) com foto para\u00a0o devido ensalamento, conforme os locais especificados nesta nota.\u00a0O candidato somente poder\u00e1 realizar a prova no local e para o curso que se inscreveu.\u00a0Os candidatos dever\u00e3o comparecer ao local de realiza\u00e7\u00e3o das provas com,\u00a0pelo menos 30 min.(trinta minutos) de anteced\u00eancia do hor\u00e1rio previsto\u00a0para o in\u00edcio das provas.<\/p>\n","protected":false},"excerpt":{"rendered":"<p>A Comiss\u00e3o do Processo Seletivo para ingresso de estudantes 2014 informa que os candidatos <\/p>\n","protected":false},"author":1,"featured_media":0,"comment_status":"closed","ping_status":"closed","sticky":false,"template":"","format":"standard","meta":[],"categories":[5],"tags":[],"_links":{"self":[{"href":"https:\/\/www.ifbaiano.edu.br\/unidades\/santaines\/wp-json\/wp\/v2\/posts\/4055"}],"collection":[{"href":"https:\/\/www.ifbaiano.edu.br\/unidades\/santaines\/wp-json\/wp\/v2\/posts"}],"about":[{"href":"https:\/\/www.ifbaiano.edu.br\/unidades\/santaines\/wp-json\/wp\/v2\/types\/post"}],"author":[{"embeddable":true,"href":"https:\/\/www.ifbaiano.edu.br\/unidades\/santaines\/wp-json\/wp\/v2\/users\/1"}],"replies":[{"embeddable":true,"href":"https:\/\/www.ifbaiano.edu.br\/unidades\/santaines\/wp-json\/wp\/v2\/comments?post=4055"}],"version-history":[{"count":2,"href":"https:\/\/www.ifbaiano.edu.br\/unidades\/santaines\/wp-json\/wp\/v2\/posts\/4055\/revisions"}],"predecessor-version":[{"id":4057,"href":"https:\/\/www.ifbaiano.edu.br\/unidades\/santaines\/wp-json\/wp\/v2\/posts\/4055\/revisions\/4057"}],"wp:attachment":[{"href":"https:\/\/www.ifbaiano.edu.br\/unidades\/santaines\/wp-json\/wp\/v2\/media?parent=4055"}],"wp:term":[{"taxonomy":"category","embeddable":true,"href":"https:\/\/www.ifbaiano.edu.br\/unidades\/santaines\/wp-json\/wp\/v2\/categories?post=4055"},{"taxonomy":"post_tag","embeddable":true,"href":"https:\/\/www.ifbaiano.edu.br\/unidades\/santaines\/wp-json\/wp\/v2\/tags?post=4055"}],"curies":[{"name":"wp","href":"https:\/\/api.w.org\/{rel}","templated":true}]}}