{"id":4086,"date":"2013-12-11T08:54:56","date_gmt":"2013-12-11T11:54:56","guid":{"rendered":"http:\/\/www.ifbaiano.edu.br\/unidades\/santaines\/?p=4086"},"modified":"2013-12-12T16:11:20","modified_gmt":"2013-12-12T19:11:20","slug":"aprovacao-do-projeto-life-if-baiano-pela-capes-implementara-a-aquisicao-de-equipamentos-laboratoriais-para-as-licenciaturas-do-campus-santa-ines","status":"publish","type":"post","link":"https:\/\/www.ifbaiano.edu.br\/unidades\/santaines\/aprovacao-do-projeto-life-if-baiano-pela-capes-implementara-a-aquisicao-de-equipamentos-laboratoriais-para-as-licenciaturas-do-campus-santa-ines\/","title":{"rendered":"Aprova\u00e7\u00e3o do Projeto LIFE IF Baiano pela Capes implementar\u00e1 a aquisi\u00e7\u00e3o de equipamentos laboratoriais para as licenciaturas do Campus Santa In\u00eas"},"content":{"rendered":"<p style=\"text-align: justify\">A Coordena\u00e7\u00e3o de Aperfei\u00e7oamento de Pessoal de N\u00edvel Superior (Capes) divulgou nesta segunda-feira, 09, o resultado final do Edital n\u00ba 67\/2013, relativo ao Programa de Apoio a Laborat\u00f3rios Interdisciplinares de Forma\u00e7\u00e3o de Educadores (LIFE), que tem como objetivo estimular a forma\u00e7\u00e3o docente interdisciplinar por meio do apoio \u00e0 cria\u00e7\u00e3o de espa\u00e7os nas institui\u00e7\u00f5es de educa\u00e7\u00e3o superior voltados ao desenvolvimento de atividades acad\u00eamicas e pedag\u00f3gicas envolvendo os distintos cursos de licenciatura, a comunidade escolar da rede p\u00fablica de educa\u00e7\u00e3o b\u00e1sica e os diferentes programas e projetos destinados \u00e0 forma\u00e7\u00e3o docente nas institui\u00e7\u00f5es p\u00fablicas de ensino superior apoiados pela Capes.<br \/>\nO Projeto LIFE IF Baiano (Laborat\u00f3rio Interdisciplinar de Forma\u00e7\u00e3o de Educadores dos Cursos de Licenciaturas do Instituto Federal de Educa\u00e7\u00e3o, Ci\u00eancia e Tecnologia Baiano) foi aprovado em 14\u00ba lugar, o qual contempla o subprojeto \u201cLIFE: dinamiza\u00e7\u00e3o das pr\u00e1ticas pedag\u00f3gicas nas Licenciaturas de Ci\u00eancias Biol\u00f3gicas e Geografia do IF Baiano, Campus Santa In\u00eas\u201d.<br \/>\nForam classificados 52 projetos, destes, os 20 primeiros classificados ser\u00e3o contemplados com os recursos previstos no edital.<br \/>\nConfira o resultado no link abaixo:<br \/>\n<span style=\"color: #ff0000\"><a href=\"http:\/\/www.capes.gov.br\/images\/stories\/download\/editais\/resultados\/ResultadoFinal_Edital_67_2013_LIFE.pdf\" target=\"_blank\"><span style=\"color: #ff0000\">http:\/\/www.capes.gov.br\/images\/stories\/download\/editais\/resultados\/ResultadoFinal_Edital_67_2013_LIFE.pdf<\/span><\/a><\/span><\/p>\n","protected":false},"excerpt":{"rendered":"<p>A Coordena\u00e7\u00e3o de Aperfei\u00e7oamento de Pessoal de N\u00edvel Superior (Capes) divulgou nesta segunda-feira, 09, o resultado final do Edital n\u00ba 67\/2013<\/p>\n","protected":false},"author":1,"featured_media":0,"comment_status":"closed","ping_status":"closed","sticky":false,"template":"","format":"standard","meta":[],"categories":[10],"tags":[],"_links":{"self":[{"href":"https:\/\/www.ifbaiano.edu.br\/unidades\/santaines\/wp-json\/wp\/v2\/posts\/4086"}],"collection":[{"href":"https:\/\/www.ifbaiano.edu.br\/unidades\/santaines\/wp-json\/wp\/v2\/posts"}],"about":[{"href":"https:\/\/www.ifbaiano.edu.br\/unidades\/santaines\/wp-json\/wp\/v2\/types\/post"}],"author":[{"embeddable":true,"href":"https:\/\/www.ifbaiano.edu.br\/unidades\/santaines\/wp-json\/wp\/v2\/users\/1"}],"replies":[{"embeddable":true,"href":"https:\/\/www.ifbaiano.edu.br\/unidades\/santaines\/wp-json\/wp\/v2\/comments?post=4086"}],"version-history":[{"count":11,"href":"https:\/\/www.ifbaiano.edu.br\/unidades\/santaines\/wp-json\/wp\/v2\/posts\/4086\/revisions"}],"predecessor-version":[{"id":4100,"href":"https:\/\/www.ifbaiano.edu.br\/unidades\/santaines\/wp-json\/wp\/v2\/posts\/4086\/revisions\/4100"}],"wp:attachment":[{"href":"https:\/\/www.ifbaiano.edu.br\/unidades\/santaines\/wp-json\/wp\/v2\/media?parent=4086"}],"wp:term":[{"taxonomy":"category","embeddable":true,"href":"https:\/\/www.ifbaiano.edu.br\/unidades\/santaines\/wp-json\/wp\/v2\/categories?post=4086"},{"taxonomy":"post_tag","embeddable":true,"href":"https:\/\/www.ifbaiano.edu.br\/unidades\/santaines\/wp-json\/wp\/v2\/tags?post=4086"}],"curies":[{"name":"wp","href":"https:\/\/api.w.org\/{rel}","templated":true}]}}