{"id":4093,"date":"2013-12-12T16:10:08","date_gmt":"2013-12-12T19:10:08","guid":{"rendered":"http:\/\/www.ifbaiano.edu.br\/unidades\/santaines\/?p=4093"},"modified":"2013-12-27T14:09:49","modified_gmt":"2013-12-27T17:09:49","slug":"homologacao-do-resultado-final-da-consulta-para-diretor-do-campus-santa-ines","status":"publish","type":"post","link":"https:\/\/www.ifbaiano.edu.br\/unidades\/santaines\/homologacao-do-resultado-final-da-consulta-para-diretor-do-campus-santa-ines\/","title":{"rendered":"Homologa\u00e7\u00e3o do Resultado Final da Consulta para Diretor do Campus Santa In\u00eas"},"content":{"rendered":"<p>A comiss\u00e3o Eleitoral Local Campus Santa In\u00eas,constitu\u00edda pela Portaria n\u00ba 05 de 18 de outubro de 2013 vem homologar o resultado final da consulta\u00a0\u00e0 comunidade do campus Santa In\u00eas ao cargo de Diretor Geral do Campus.<\/p>\n<p><span style=\"color: #ff0000\"><a href=\"http:\/\/www.ifbaiano.edu.br\/unidades\/santaines\/files\/2013\/12\/Homologacao-de-resultado.pdf\"><span style=\"color: #ff0000\">Homologa\u00e7\u00e3o de resultado<\/span><\/a><\/span><span style=\"color: #ff0000\"><br \/>\n<\/span><\/p>\n","protected":false},"excerpt":{"rendered":"<p>A comiss\u00e3o Eleitoral Local Campus Santa In\u00eas,constitu\u00edda pela Portaria n\u00ba 05 de 18 de outubro de 2013 vem homologar o resultado final da consulta \u00e0 comunidade do campus Santa In\u00eas ao cargo de Diretor Geral do Campus.<br \/>\n<span style=\"color: #ff0000\"><a href=\"http:\/\/www.ifbaiano.edu.br\/unidades\/santaines\/files\/2013\/12\/Homologacao-de-resultado.pdf\"><span style=\"color: #ff0000\">Homologa\u00e7\u00e3o de resultado<\/span><\/a><\/span><span style=\"color: #ff0000\"><br \/>\n<\/span><\/p>\n","protected":false},"author":1,"featured_media":0,"comment_status":"closed","ping_status":"closed","sticky":false,"template":"","format":"standard","meta":[],"categories":[10],"tags":[],"_links":{"self":[{"href":"https:\/\/www.ifbaiano.edu.br\/unidades\/santaines\/wp-json\/wp\/v2\/posts\/4093"}],"collection":[{"href":"https:\/\/www.ifbaiano.edu.br\/unidades\/santaines\/wp-json\/wp\/v2\/posts"}],"about":[{"href":"https:\/\/www.ifbaiano.edu.br\/unidades\/santaines\/wp-json\/wp\/v2\/types\/post"}],"author":[{"embeddable":true,"href":"https:\/\/www.ifbaiano.edu.br\/unidades\/santaines\/wp-json\/wp\/v2\/users\/1"}],"replies":[{"embeddable":true,"href":"https:\/\/www.ifbaiano.edu.br\/unidades\/santaines\/wp-json\/wp\/v2\/comments?post=4093"}],"version-history":[{"count":6,"href":"https:\/\/www.ifbaiano.edu.br\/unidades\/santaines\/wp-json\/wp\/v2\/posts\/4093\/revisions"}],"predecessor-version":[{"id":4104,"href":"https:\/\/www.ifbaiano.edu.br\/unidades\/santaines\/wp-json\/wp\/v2\/posts\/4093\/revisions\/4104"}],"wp:attachment":[{"href":"https:\/\/www.ifbaiano.edu.br\/unidades\/santaines\/wp-json\/wp\/v2\/media?parent=4093"}],"wp:term":[{"taxonomy":"category","embeddable":true,"href":"https:\/\/www.ifbaiano.edu.br\/unidades\/santaines\/wp-json\/wp\/v2\/categories?post=4093"},{"taxonomy":"post_tag","embeddable":true,"href":"https:\/\/www.ifbaiano.edu.br\/unidades\/santaines\/wp-json\/wp\/v2\/tags?post=4093"}],"curies":[{"name":"wp","href":"https:\/\/api.w.org\/{rel}","templated":true}]}}