{"id":4193,"date":"2014-02-17T16:59:52","date_gmt":"2014-02-17T19:59:52","guid":{"rendered":"http:\/\/www.ifbaiano.edu.br\/unidades\/santaines\/?p=4193"},"modified":"2014-04-03T16:51:35","modified_gmt":"2014-04-03T19:51:35","slug":"estudo-de-usuarios-da-biblioteca","status":"publish","type":"post","link":"https:\/\/www.ifbaiano.edu.br\/unidades\/santaines\/estudo-de-usuarios-da-biblioteca\/","title":{"rendered":"Estudo de usu\u00e1rios da biblioteca"},"content":{"rendered":"<p style=\"text-align: justify\">As bibliotecas do Instituto Federal de Educa\u00e7\u00e3o, Ci\u00eancia e Tecnologia Baiano est\u00e3o realizando um estudo de usu\u00e1rios, com a finalidade de conhecer melhor as necessidades informacionais e avaliar o grau de satisfa\u00e7\u00e3o dos seus usu\u00e1rios quanto aos servi\u00e7os oferecidos. A colabora\u00e7\u00e3o de toda a comunidade acad\u00eamica (estudantes, docentes, t\u00e9cnicos e usu\u00e1rios externos) \u00e9 de grande import\u00e2ncia para nossa avalia\u00e7\u00e3o.Esse question\u00e1rio pode ser respondido atrav\u00e9s<\/p>\n<p style=\"text-align: justify\">link: <span style=\"color: #ff0000\"><a href=\"https:\/\/docs.google.com\/forms\/d\/1si-sv1S7phM54nR4R68M0IXj8o5oowaNjx1rT2pE7og\/viewform\" target=\"_blank\"><span style=\"color: #ff0000\">https:\/\/docs.google.com\/forms\/d\/1sisv1S7phM54nR4R68M0IXj8o5oowaNjx1rT2pE7og\/viewform<\/span><\/a><\/span><\/p>\n","protected":false},"excerpt":{"rendered":"<p>A colabora\u00e7\u00e3o de toda a comunidade acad\u00eamica (estudantes, docentes, t\u00e9cnicos e usu\u00e1rios externos) \u00e9 de grande import\u00e2ncia para nossa avalia\u00e7\u00e3o.<\/p>\n","protected":false},"author":1,"featured_media":0,"comment_status":"closed","ping_status":"closed","sticky":false,"template":"","format":"standard","meta":[],"categories":[10],"tags":[],"_links":{"self":[{"href":"https:\/\/www.ifbaiano.edu.br\/unidades\/santaines\/wp-json\/wp\/v2\/posts\/4193"}],"collection":[{"href":"https:\/\/www.ifbaiano.edu.br\/unidades\/santaines\/wp-json\/wp\/v2\/posts"}],"about":[{"href":"https:\/\/www.ifbaiano.edu.br\/unidades\/santaines\/wp-json\/wp\/v2\/types\/post"}],"author":[{"embeddable":true,"href":"https:\/\/www.ifbaiano.edu.br\/unidades\/santaines\/wp-json\/wp\/v2\/users\/1"}],"replies":[{"embeddable":true,"href":"https:\/\/www.ifbaiano.edu.br\/unidades\/santaines\/wp-json\/wp\/v2\/comments?post=4193"}],"version-history":[{"count":10,"href":"https:\/\/www.ifbaiano.edu.br\/unidades\/santaines\/wp-json\/wp\/v2\/posts\/4193\/revisions"}],"predecessor-version":[{"id":4339,"href":"https:\/\/www.ifbaiano.edu.br\/unidades\/santaines\/wp-json\/wp\/v2\/posts\/4193\/revisions\/4339"}],"wp:attachment":[{"href":"https:\/\/www.ifbaiano.edu.br\/unidades\/santaines\/wp-json\/wp\/v2\/media?parent=4193"}],"wp:term":[{"taxonomy":"category","embeddable":true,"href":"https:\/\/www.ifbaiano.edu.br\/unidades\/santaines\/wp-json\/wp\/v2\/categories?post=4193"},{"taxonomy":"post_tag","embeddable":true,"href":"https:\/\/www.ifbaiano.edu.br\/unidades\/santaines\/wp-json\/wp\/v2\/tags?post=4193"}],"curies":[{"name":"wp","href":"https:\/\/api.w.org\/{rel}","templated":true}]}}