{"id":4379,"date":"2014-04-10T14:58:36","date_gmt":"2014-04-10T17:58:36","guid":{"rendered":"http:\/\/www.ifbaiano.edu.br\/unidades\/santaines\/?p=4379"},"modified":"2014-04-11T13:00:14","modified_gmt":"2014-04-11T16:00:14","slug":"trabalho-de-pesquisa-e-extensao-desenvolvido-por-alunos-do-campus-santa-ines","status":"publish","type":"post","link":"https:\/\/www.ifbaiano.edu.br\/unidades\/santaines\/trabalho-de-pesquisa-e-extensao-desenvolvido-por-alunos-do-campus-santa-ines\/","title":{"rendered":"Trabalho de Pesquisa e Extens\u00e3o desenvolvido por alunos do campus Santa In\u00eas"},"content":{"rendered":"<p>&nbsp;<\/p>\n<p class=\"MsoNormal\" style=\"text-align: justify\">Projeto de extens\u00e3o <strong>\u201cPOETAS POPULARES: VOZES VIVAS DO VALE\u201d<\/strong> cumpre sua \u00faltima etapa estendendo-se \u00e0s comunidades escolas do Vale do Jiquiri\u00e7\u00e1 e campi do IFBAIANO. A explana\u00e7\u00e3o dos estudantes Hermann e Emanule assim como as performances dos poetas Manuel de Lima e Firmino foram muito aplaudidas.<\/p>\n<p class=\"MsoNormal\" style=\"text-align: justify\"><a href=\"http:\/\/www.ifbaiano.edu.br\/unidades\/santaines\/files\/2014\/04\/DSC_0638.jpg\"><img decoding=\"async\" loading=\"lazy\" class=\"alignright size-medium wp-image-4424\" src=\"http:\/\/www.ifbaiano.edu.br\/unidades\/santaines\/files\/2014\/04\/DSC_0638-300x199.jpg\" alt=\"\" width=\"300\" height=\"199\" srcset=\"https:\/\/www.ifbaiano.edu.br\/unidades\/santaines\/files\/2014\/04\/DSC_0638-300x199.jpg 300w, https:\/\/www.ifbaiano.edu.br\/unidades\/santaines\/files\/2014\/04\/DSC_0638-400x266.jpg 400w, https:\/\/www.ifbaiano.edu.br\/unidades\/santaines\/files\/2014\/04\/DSC_0638.jpg 554w\" sizes=\"(max-width: 300px) 100vw, 300px\" \/><\/a><a href=\"http:\/\/www.ifbaiano.edu.br\/unidades\/santaines\/files\/2014\/04\/DSC_0448.jpg\"><img decoding=\"async\" loading=\"lazy\" class=\"alignleft size-medium wp-image-4423\" src=\"http:\/\/www.ifbaiano.edu.br\/unidades\/santaines\/files\/2014\/04\/DSC_0448-300x199.jpg\" alt=\"\" width=\"300\" height=\"199\" srcset=\"https:\/\/www.ifbaiano.edu.br\/unidades\/santaines\/files\/2014\/04\/DSC_0448-300x199.jpg 300w, https:\/\/www.ifbaiano.edu.br\/unidades\/santaines\/files\/2014\/04\/DSC_0448-400x266.jpg 400w, https:\/\/www.ifbaiano.edu.br\/unidades\/santaines\/files\/2014\/04\/DSC_0448.jpg 554w\" sizes=\"(max-width: 300px) 100vw, 300px\" \/><\/a><\/p>\n<p class=\"MsoNormal\" style=\"text-align: justify\">\n<p class=\"MsoNormal\" style=\"text-align: justify\"><a href=\"http:\/\/www.ifbaiano.edu.br\/unidades\/santaines\/files\/2014\/04\/DSC_0422.jpg\"><img decoding=\"async\" loading=\"lazy\" class=\"alignleft size-medium wp-image-4422\" src=\"http:\/\/www.ifbaiano.edu.br\/unidades\/santaines\/files\/2014\/04\/DSC_0422-300x200.jpg\" alt=\"\" width=\"300\" height=\"200\" srcset=\"https:\/\/www.ifbaiano.edu.br\/unidades\/santaines\/files\/2014\/04\/DSC_0422-300x200.jpg 300w, https:\/\/www.ifbaiano.edu.br\/unidades\/santaines\/files\/2014\/04\/DSC_0422-400x266.jpg 400w, https:\/\/www.ifbaiano.edu.br\/unidades\/santaines\/files\/2014\/04\/DSC_0422.jpg 646w\" sizes=\"(max-width: 300px) 100vw, 300px\" \/><\/a>\u00a0\u00a0\u00a0\u00a0 \u00a0 \u00a0 \u00a0\u00a0\u00a0\u00a0\u00a0\u00a0\u00a0\u00a0\u00a0\u00a0\u00a0\u00a0\u00a0\u00a0\u00a0\u00a0\u00a0\u00a0\u00a0\u00a0\u00a0\u00a0\u00a0\u00a0\u00a0\u00a0\u00a0\u00a0\u00a0\u00a0\u00a0\u00a0\u00a0\u00a0\u00a0\u00a0\u00a0\u00a0\u00a0\u00a0\u00a0\u00a0\u00a0\u00a0\u00a0\u00a0\u00a0\u00a0<a href=\"http:\/\/www.ifbaiano.edu.br\/unidades\/santaines\/files\/2014\/04\/DSC_0354.jpg\"><img decoding=\"async\" loading=\"lazy\" class=\"alignleft size-medium wp-image-4421\" src=\"http:\/\/www.ifbaiano.edu.br\/unidades\/santaines\/files\/2014\/04\/DSC_0354-300x200.jpg\" alt=\"\" width=\"300\" height=\"200\" srcset=\"https:\/\/www.ifbaiano.edu.br\/unidades\/santaines\/files\/2014\/04\/DSC_0354-300x200.jpg 300w, https:\/\/www.ifbaiano.edu.br\/unidades\/santaines\/files\/2014\/04\/DSC_0354-400x266.jpg 400w, https:\/\/www.ifbaiano.edu.br\/unidades\/santaines\/files\/2014\/04\/DSC_0354.jpg 646w\" sizes=\"(max-width: 300px) 100vw, 300px\" \/><\/a><\/p>\n<p class=\"MsoNormal\" style=\"text-align: justify\">\n<p class=\"MsoNormal\" style=\"text-align: justify\">\n<p class=\"MsoNormal\" style=\"text-align: justify\">\n<p class=\"MsoNormal\" style=\"text-align: justify\">\n<p class=\"MsoNormal\" style=\"text-align: justify\">\n<p class=\"MsoNormal\" style=\"text-align: justify\">\n<p class=\"MsoNormal\" style=\"text-align: justify\">\n<p class=\"MsoNormal\" style=\"text-align: justify\">\n<p class=\"MsoNormal\" style=\"text-align: justify\"><a href=\"http:\/\/www.ifbaiano.edu.br\/unidades\/santaines\/files\/2014\/04\/DSC_0240.jpg\"><img decoding=\"async\" loading=\"lazy\" class=\"alignleft size-medium wp-image-4420\" src=\"http:\/\/www.ifbaiano.edu.br\/unidades\/santaines\/files\/2014\/04\/DSC_0240-300x200.jpg\" alt=\"\" width=\"300\" height=\"200\" srcset=\"https:\/\/www.ifbaiano.edu.br\/unidades\/santaines\/files\/2014\/04\/DSC_0240-300x200.jpg 300w, https:\/\/www.ifbaiano.edu.br\/unidades\/santaines\/files\/2014\/04\/DSC_0240-400x266.jpg 400w, https:\/\/www.ifbaiano.edu.br\/unidades\/santaines\/files\/2014\/04\/DSC_0240.jpg 830w\" sizes=\"(max-width: 300px) 100vw, 300px\" \/><\/a><\/p>\n<p class=\"MsoNormal\" style=\"text-align: justify\">\n<p class=\"MsoNormal\" style=\"text-align: justify\"><a href=\"http:\/\/www.ifbaiano.edu.br\/unidades\/santaines\/files\/2014\/04\/01.jpg\"><img decoding=\"async\" loading=\"lazy\" class=\"alignleft size-medium wp-image-4417\" src=\"http:\/\/www.ifbaiano.edu.br\/unidades\/santaines\/files\/2014\/04\/01-300x200.jpg\" alt=\"\" width=\"300\" height=\"200\" srcset=\"https:\/\/www.ifbaiano.edu.br\/unidades\/santaines\/files\/2014\/04\/01-300x200.jpg 300w, https:\/\/www.ifbaiano.edu.br\/unidades\/santaines\/files\/2014\/04\/01-400x266.jpg 400w, https:\/\/www.ifbaiano.edu.br\/unidades\/santaines\/files\/2014\/04\/01.jpg 922w\" sizes=\"(max-width: 300px) 100vw, 300px\" \/><\/a><\/p>\n<p class=\"MsoNormal\" style=\"text-align: justify\">\n<p class=\"MsoNormal\" style=\"text-align: justify\">\n<p class=\"MsoNormal\" style=\"text-align: justify\">\n<p class=\"MsoNormal\" style=\"text-align: justify\">\n<p class=\"MsoNormal\" style=\"text-align: justify\">\n<p class=\"MsoNormal\" style=\"text-align: justify\">\n<p class=\"MsoNormal\" style=\"text-align: justify\">\n<p class=\"MsoNormal\" style=\"text-align: justify\"><a href=\"http:\/\/www.ifbaiano.edu.br\/unidades\/santaines\/files\/2014\/04\/DSC_00823.jpg\"><img decoding=\"async\" loading=\"lazy\" class=\"alignleft size-medium wp-image-4419\" src=\"http:\/\/www.ifbaiano.edu.br\/unidades\/santaines\/files\/2014\/04\/DSC_00823-300x200.jpg\" alt=\"\" width=\"300\" height=\"200\" srcset=\"https:\/\/www.ifbaiano.edu.br\/unidades\/santaines\/files\/2014\/04\/DSC_00823-300x200.jpg 300w, https:\/\/www.ifbaiano.edu.br\/unidades\/santaines\/files\/2014\/04\/DSC_00823-400x266.jpg 400w, https:\/\/www.ifbaiano.edu.br\/unidades\/santaines\/files\/2014\/04\/DSC_00823.jpg 720w\" sizes=\"(max-width: 300px) 100vw, 300px\" \/><\/a><\/p>\n<p class=\"MsoNormal\" style=\"text-align: justify\"><a href=\"http:\/\/www.ifbaiano.edu.br\/unidades\/santaines\/files\/2014\/04\/02.jpg\"><img decoding=\"async\" loading=\"lazy\" class=\"alignleft size-medium wp-image-4418\" src=\"http:\/\/www.ifbaiano.edu.br\/unidades\/santaines\/files\/2014\/04\/02-300x200.jpg\" alt=\"\" width=\"300\" height=\"200\" srcset=\"https:\/\/www.ifbaiano.edu.br\/unidades\/santaines\/files\/2014\/04\/02-300x200.jpg 300w, https:\/\/www.ifbaiano.edu.br\/unidades\/santaines\/files\/2014\/04\/02-400x266.jpg 400w, https:\/\/www.ifbaiano.edu.br\/unidades\/santaines\/files\/2014\/04\/02.jpg 830w\" sizes=\"(max-width: 300px) 100vw, 300px\" \/><\/a><\/p>\n","protected":false},"excerpt":{"rendered":"<p>Projeto de extens\u00e3o \u201cPOETAS POPULARES: VOZES VIVAS DO VALE\u201d cumpre sua \u00faltima etapa <\/p>\n","protected":false},"author":1,"featured_media":0,"comment_status":"closed","ping_status":"closed","sticky":false,"template":"","format":"standard","meta":[],"categories":[10],"tags":[],"_links":{"self":[{"href":"https:\/\/www.ifbaiano.edu.br\/unidades\/santaines\/wp-json\/wp\/v2\/posts\/4379"}],"collection":[{"href":"https:\/\/www.ifbaiano.edu.br\/unidades\/santaines\/wp-json\/wp\/v2\/posts"}],"about":[{"href":"https:\/\/www.ifbaiano.edu.br\/unidades\/santaines\/wp-json\/wp\/v2\/types\/post"}],"author":[{"embeddable":true,"href":"https:\/\/www.ifbaiano.edu.br\/unidades\/santaines\/wp-json\/wp\/v2\/users\/1"}],"replies":[{"embeddable":true,"href":"https:\/\/www.ifbaiano.edu.br\/unidades\/santaines\/wp-json\/wp\/v2\/comments?post=4379"}],"version-history":[{"count":10,"href":"https:\/\/www.ifbaiano.edu.br\/unidades\/santaines\/wp-json\/wp\/v2\/posts\/4379\/revisions"}],"predecessor-version":[{"id":4441,"href":"https:\/\/www.ifbaiano.edu.br\/unidades\/santaines\/wp-json\/wp\/v2\/posts\/4379\/revisions\/4441"}],"wp:attachment":[{"href":"https:\/\/www.ifbaiano.edu.br\/unidades\/santaines\/wp-json\/wp\/v2\/media?parent=4379"}],"wp:term":[{"taxonomy":"category","embeddable":true,"href":"https:\/\/www.ifbaiano.edu.br\/unidades\/santaines\/wp-json\/wp\/v2\/categories?post=4379"},{"taxonomy":"post_tag","embeddable":true,"href":"https:\/\/www.ifbaiano.edu.br\/unidades\/santaines\/wp-json\/wp\/v2\/tags?post=4379"}],"curies":[{"name":"wp","href":"https:\/\/api.w.org\/{rel}","templated":true}]}}