{"id":4384,"date":"2014-04-09T15:39:23","date_gmt":"2014-04-09T18:39:23","guid":{"rendered":"http:\/\/www.ifbaiano.edu.br\/unidades\/santaines\/?p=4384"},"modified":"2014-04-10T15:00:14","modified_gmt":"2014-04-10T18:00:14","slug":"edital-para-selecao-de-estagiario-do-nivel-medio-e-tecnico-em-informatica","status":"publish","type":"post","link":"https:\/\/www.ifbaiano.edu.br\/unidades\/santaines\/edital-para-selecao-de-estagiario-do-nivel-medio-e-tecnico-em-informatica\/","title":{"rendered":"Edital para Sele\u00e7\u00e3o de Estagi\u00e1rio do N\u00edvel M\u00e9dio e T\u00e9cnico em Inform\u00e1tica"},"content":{"rendered":"<p>O Diretor Geral do Instituto de Educa\u00e7\u00e3o, Ci\u00eancias e Tecnologia Baiano \u2013 Campus Santa In\u00eas, torna p\u00fablica a abertura de inscri\u00e7\u00e3o destinada \u00e0 sele\u00e7\u00e3o de estagi\u00e1rios de 10 a 16\/04\/2014.<\/p>\n<p><span style=\"color: #ff0000\"><a href=\"http:\/\/www.ifbaiano.edu.br\/unidades\/santaines\/files\/2014\/04\/EDITAL.pdf\"><span style=\"color: #ff0000\">EDITAL PARA SELE\u00c7\u00c3O DE ESTAGI\u00c1RIO<\/span><\/a><\/span><\/p>\n<p><span style=\"color: #ff0000\"><a href=\"http:\/\/www.ifbaiano.edu.br\/unidades\/santaines\/files\/2014\/04\/FICHA.pdf\"><span style=\"color: #ff0000\">FICHA DE INSCRI\u00c7\u00c3O DO CANDIDATO<\/span><\/a><\/span><\/p>\n<p>&nbsp;<\/p>\n","protected":false},"excerpt":{"rendered":"<p>O Diretor Geral do Instituto de Educa\u00e7\u00e3o, Ci\u00eancias e Tecnologia Baiano \u2013 Campus Santa In\u00eas, torna p\u00fablica a abertura de inscri\u00e7\u00e3o destinada \u00e0 sele\u00e7\u00e3o de estagi\u00e1rios de 10 a 16\/04\/2014<\/p>\n","protected":false},"author":1,"featured_media":0,"comment_status":"closed","ping_status":"closed","sticky":false,"template":"","format":"standard","meta":[],"categories":[10],"tags":[],"_links":{"self":[{"href":"https:\/\/www.ifbaiano.edu.br\/unidades\/santaines\/wp-json\/wp\/v2\/posts\/4384"}],"collection":[{"href":"https:\/\/www.ifbaiano.edu.br\/unidades\/santaines\/wp-json\/wp\/v2\/posts"}],"about":[{"href":"https:\/\/www.ifbaiano.edu.br\/unidades\/santaines\/wp-json\/wp\/v2\/types\/post"}],"author":[{"embeddable":true,"href":"https:\/\/www.ifbaiano.edu.br\/unidades\/santaines\/wp-json\/wp\/v2\/users\/1"}],"replies":[{"embeddable":true,"href":"https:\/\/www.ifbaiano.edu.br\/unidades\/santaines\/wp-json\/wp\/v2\/comments?post=4384"}],"version-history":[{"count":11,"href":"https:\/\/www.ifbaiano.edu.br\/unidades\/santaines\/wp-json\/wp\/v2\/posts\/4384\/revisions"}],"predecessor-version":[{"id":4399,"href":"https:\/\/www.ifbaiano.edu.br\/unidades\/santaines\/wp-json\/wp\/v2\/posts\/4384\/revisions\/4399"}],"wp:attachment":[{"href":"https:\/\/www.ifbaiano.edu.br\/unidades\/santaines\/wp-json\/wp\/v2\/media?parent=4384"}],"wp:term":[{"taxonomy":"category","embeddable":true,"href":"https:\/\/www.ifbaiano.edu.br\/unidades\/santaines\/wp-json\/wp\/v2\/categories?post=4384"},{"taxonomy":"post_tag","embeddable":true,"href":"https:\/\/www.ifbaiano.edu.br\/unidades\/santaines\/wp-json\/wp\/v2\/tags?post=4384"}],"curies":[{"name":"wp","href":"https:\/\/api.w.org\/{rel}","templated":true}]}}