{"id":4434,"date":"2014-04-11T12:59:02","date_gmt":"2014-04-11T15:59:02","guid":{"rendered":"http:\/\/www.ifbaiano.edu.br\/unidades\/santaines\/?p=4434"},"modified":"2014-04-11T12:59:02","modified_gmt":"2014-04-11T15:59:02","slug":"dia-de-campo-horta-organica-no-ambito-da-agricultura-familiar-e-solos","status":"publish","type":"post","link":"https:\/\/www.ifbaiano.edu.br\/unidades\/santaines\/dia-de-campo-horta-organica-no-ambito-da-agricultura-familiar-e-solos\/","title":{"rendered":"Dia de Campo Horta Org\u00e2nica no Ambito da Agricultura Familiar e Solos"},"content":{"rendered":"<p style=\"text-align: justify\">Unindo aprendizado pr\u00e1tico \u00e0 responsabilidade social, alunos do curso T\u00e9cnico em Alimentos, modalidade Proeja, e estudantes do Grupo de Estudos sobre Conserva\u00e7\u00e3o do Solo, do Campus Santa In\u00eas, promoveram um Dia de Campo, para cerca de 60 agricultores familiares.<br \/>\nO tema da iniciativa foi \u201cHorta Org\u00e2nica no \u00c2mbito da Agricultura Familiar e Conserva\u00e7\u00e3o dos Solos\u201d.<\/p>\n<p style=\"text-align: justify\">Atrav\u00e9s de demonstra\u00e7\u00f5es pr\u00e1ticas, os estudantes Karol Novaes, Edheize Silva, Laise e Ricardo Barreto apresentaram situa\u00e7\u00f5es a respeito da cobertura do solo, enfatizando a necessidade de plantio e conserva\u00e7\u00e3o das matas ciliares.<\/p>\n<p style=\"text-align: justify\">Outros temas abordados pelos estudantes foram t\u00e9cnicas para conserva\u00e7\u00e3o de sementes, aproveitamento de res\u00edduos agr\u00edcolas para produ\u00e7\u00e3o de composto org\u00e2nico e a horta mandala, como item que integra produ\u00e7\u00e3o animal e vegetal, com a produ\u00e7\u00e3o de hortali\u00e7as, patos e peixes.<\/p>\n<p style=\"text-align: justify\">A iniciativa foi orientada pelos professores Aur\u00e9lio Carvalho e Andr\u00e9 Leonardo Vasconcelos, com o apoio do Programa de Bolsas de Inicia\u00e7\u00e3o \u00e0 Extens\u00e3o. As atividades aconteceram na Mata dos Oitis,\u00a0 Assentamento Pedrinhas, no Munic\u00edpio de Uba\u00edra.<\/p>\n<p style=\"text-align: justify\"><a href=\"http:\/\/www.ifbaiano.edu.br\/unidades\/santaines\/files\/2014\/04\/1017719_589898647754119_279513763_n.jpg\">\n\t\t<style type=\"text\/css\">\n\t\t\t#gallery-1 {\n\t\t\t\tmargin: auto;\n\t\t\t}\n\t\t\t#gallery-1 .gallery-item {\n\t\t\t\tfloat: left;\n\t\t\t\tmargin-top: 10px;\n\t\t\t\ttext-align: center;\n\t\t\t\twidth: 33%;\n\t\t\t}\n\t\t\t#gallery-1 img {\n\t\t\t\tborder: 2px solid #cfcfcf;\n\t\t\t}\n\t\t\t#gallery-1 .gallery-caption {\n\t\t\t\tmargin-left: 0;\n\t\t\t}\n\t\t\t\/* see gallery_shortcode() in wp-includes\/media.php *\/\n\t\t<\/style>\n\t\t<div id='gallery-1' class='gallery galleryid-4434 gallery-columns-3 gallery-size-thumbnail'><dl class='gallery-item'>\n\t\t\t<dt class='gallery-icon landscape'>\n\t\t\t\t<a href='https:\/\/www.ifbaiano.edu.br\/unidades\/santaines\/files\/2014\/04\/1017719_589898647754119_279513763_n.jpg'><img width=\"150\" height=\"150\" src=\"https:\/\/www.ifbaiano.edu.br\/unidades\/santaines\/files\/2014\/04\/1017719_589898647754119_279513763_n-150x150.jpg\" class=\"attachment-thumbnail size-thumbnail\" alt=\"\" decoding=\"async\" loading=\"lazy\" \/><\/a>\n\t\t\t<\/dt><\/dl><dl class='gallery-item'>\n\t\t\t<dt class='gallery-icon landscape'>\n\t\t\t\t<a href='https:\/\/www.ifbaiano.edu.br\/unidades\/santaines\/files\/2014\/04\/10171023_589899221087395_1017141763_n.jpg'><img width=\"150\" height=\"150\" src=\"https:\/\/www.ifbaiano.edu.br\/unidades\/santaines\/files\/2014\/04\/10171023_589899221087395_1017141763_n-150x150.jpg\" class=\"attachment-thumbnail size-thumbnail\" alt=\"\" decoding=\"async\" loading=\"lazy\" \/><\/a>\n\t\t\t<\/dt><\/dl><dl class='gallery-item'>\n\t\t\t<dt class='gallery-icon landscape'>\n\t\t\t\t<a href='https:\/\/www.ifbaiano.edu.br\/unidades\/santaines\/files\/2014\/04\/1625739_589898671087450_724651499_n.jpg'><img width=\"150\" height=\"150\" src=\"https:\/\/www.ifbaiano.edu.br\/unidades\/santaines\/files\/2014\/04\/1625739_589898671087450_724651499_n-150x150.jpg\" class=\"attachment-thumbnail size-thumbnail\" alt=\"\" decoding=\"async\" loading=\"lazy\" \/><\/a>\n\t\t\t<\/dt><\/dl><br style=\"clear: both\" \/>\n\t\t<\/div>\n<\/p>\n<p><\/a><\/p>\n","protected":false},"excerpt":{"rendered":"<p>Realizado pelos 02 projetos de extens\u00e3o: Horta org\u00e2nica no \u00e2mbito da agricultura familiar e A import\u00e2ncia da conserva\u00e7\u00e3o do solo para agricultura familiar.<\/p>\n","protected":false},"author":1,"featured_media":0,"comment_status":"closed","ping_status":"closed","sticky":false,"template":"","format":"standard","meta":[],"categories":[5],"tags":[],"_links":{"self":[{"href":"https:\/\/www.ifbaiano.edu.br\/unidades\/santaines\/wp-json\/wp\/v2\/posts\/4434"}],"collection":[{"href":"https:\/\/www.ifbaiano.edu.br\/unidades\/santaines\/wp-json\/wp\/v2\/posts"}],"about":[{"href":"https:\/\/www.ifbaiano.edu.br\/unidades\/santaines\/wp-json\/wp\/v2\/types\/post"}],"author":[{"embeddable":true,"href":"https:\/\/www.ifbaiano.edu.br\/unidades\/santaines\/wp-json\/wp\/v2\/users\/1"}],"replies":[{"embeddable":true,"href":"https:\/\/www.ifbaiano.edu.br\/unidades\/santaines\/wp-json\/wp\/v2\/comments?post=4434"}],"version-history":[{"count":3,"href":"https:\/\/www.ifbaiano.edu.br\/unidades\/santaines\/wp-json\/wp\/v2\/posts\/4434\/revisions"}],"predecessor-version":[{"id":4440,"href":"https:\/\/www.ifbaiano.edu.br\/unidades\/santaines\/wp-json\/wp\/v2\/posts\/4434\/revisions\/4440"}],"wp:attachment":[{"href":"https:\/\/www.ifbaiano.edu.br\/unidades\/santaines\/wp-json\/wp\/v2\/media?parent=4434"}],"wp:term":[{"taxonomy":"category","embeddable":true,"href":"https:\/\/www.ifbaiano.edu.br\/unidades\/santaines\/wp-json\/wp\/v2\/categories?post=4434"},{"taxonomy":"post_tag","embeddable":true,"href":"https:\/\/www.ifbaiano.edu.br\/unidades\/santaines\/wp-json\/wp\/v2\/tags?post=4434"}],"curies":[{"name":"wp","href":"https:\/\/api.w.org\/{rel}","templated":true}]}}