{"id":4493,"date":"2014-04-29T12:05:29","date_gmt":"2014-04-29T15:05:29","guid":{"rendered":"http:\/\/www.ifbaiano.edu.br\/unidades\/santaines\/?p=4493"},"modified":"2014-05-16T22:22:07","modified_gmt":"2014-05-17T01:22:07","slug":"suspensao-do-processo-seletivo-para-estagiarios","status":"publish","type":"post","link":"https:\/\/www.ifbaiano.edu.br\/unidades\/santaines\/suspensao-do-processo-seletivo-para-estagiarios\/","title":{"rendered":"Suspens\u00e3o do processo seletivo para estagi\u00e1rios"},"content":{"rendered":"<p>O Diretor Geral do IF Baiano Campus Santa In\u00eas, resolve suspender o processo seletivo para estagi\u00e1rio, devido ao atual momento de greve. Informamos que as atividades ser\u00e3o restabelecidas assim que finalizar a greve. Salientamos que as inscri\u00e7\u00f5es que j\u00e1 foram realizadas ser\u00e3o v\u00e1lidas.<\/p>\n","protected":false},"excerpt":{"rendered":"<p>O Diretor Geral do IF Baiano Campus Santa In\u00eas, resolve suspender o processo seletivo para estagi\u00e1rio, devido ao atual momento de greve. Informamos que as atividades ser\u00e3o restabelecidas assim que finalizar a greve. Salientamos que as inscri\u00e7\u00f5es que j\u00e1 foram realizadas ser\u00e3o v\u00e1lidas.<\/p>\n","protected":false},"author":1,"featured_media":0,"comment_status":"closed","ping_status":"closed","sticky":false,"template":"","format":"standard","meta":[],"categories":[10],"tags":[],"_links":{"self":[{"href":"https:\/\/www.ifbaiano.edu.br\/unidades\/santaines\/wp-json\/wp\/v2\/posts\/4493"}],"collection":[{"href":"https:\/\/www.ifbaiano.edu.br\/unidades\/santaines\/wp-json\/wp\/v2\/posts"}],"about":[{"href":"https:\/\/www.ifbaiano.edu.br\/unidades\/santaines\/wp-json\/wp\/v2\/types\/post"}],"author":[{"embeddable":true,"href":"https:\/\/www.ifbaiano.edu.br\/unidades\/santaines\/wp-json\/wp\/v2\/users\/1"}],"replies":[{"embeddable":true,"href":"https:\/\/www.ifbaiano.edu.br\/unidades\/santaines\/wp-json\/wp\/v2\/comments?post=4493"}],"version-history":[{"count":3,"href":"https:\/\/www.ifbaiano.edu.br\/unidades\/santaines\/wp-json\/wp\/v2\/posts\/4493\/revisions"}],"predecessor-version":[{"id":4495,"href":"https:\/\/www.ifbaiano.edu.br\/unidades\/santaines\/wp-json\/wp\/v2\/posts\/4493\/revisions\/4495"}],"wp:attachment":[{"href":"https:\/\/www.ifbaiano.edu.br\/unidades\/santaines\/wp-json\/wp\/v2\/media?parent=4493"}],"wp:term":[{"taxonomy":"category","embeddable":true,"href":"https:\/\/www.ifbaiano.edu.br\/unidades\/santaines\/wp-json\/wp\/v2\/categories?post=4493"},{"taxonomy":"post_tag","embeddable":true,"href":"https:\/\/www.ifbaiano.edu.br\/unidades\/santaines\/wp-json\/wp\/v2\/tags?post=4493"}],"curies":[{"name":"wp","href":"https:\/\/api.w.org\/{rel}","templated":true}]}}