{"id":4500,"date":"2014-05-16T22:17:32","date_gmt":"2014-05-17T01:17:32","guid":{"rendered":"http:\/\/www.ifbaiano.edu.br\/unidades\/santaines\/?p=4500"},"modified":"2014-06-06T12:20:40","modified_gmt":"2014-06-06T15:20:40","slug":"campus-santa-ines-participa-da-obmep-2014","status":"publish","type":"post","link":"https:\/\/www.ifbaiano.edu.br\/unidades\/santaines\/campus-santa-ines-participa-da-obmep-2014\/","title":{"rendered":"Campus Santa In\u00eas Participa da OBMEP 2014"},"content":{"rendered":"<p><strong><sub>O IF BAIANO CAMPUS SANTA IN\u00caS INFORMA AOS ESTUDANTES MATRICULADOS NOS CURSOS T\u00c9CNICOS INTEGRADOS AO ENSINO M\u00c9DIO QUE <span style=\"text-decoration: underline\">A PROVA DA 1\u00aa FASE DA OBMEP<\/span> SER\u00c1 REALIZADA DIA 27 DE MAIO, \u00c0S 8 HORAS, NAS SALAS DO PAVILH\u00c3O PEDAG\u00d3GICO<\/sub><\/strong><\/p>\n<p style=\"text-align: justify\"><strong><sub>NA OPORTUNIDADE, AVISA AOS ESTUDANTES RESIDENTES FORA DA SEDE QUE DEVER\u00c3O CONFIRMAR COM OS SETORES RESPONS\u00c1VEIS, OS HOR\u00c1RIOS DE SA\u00cdDA DOS SEUS MUNIC\u00cdPIOS.\u00a0<\/sub><\/strong><\/p>\n","protected":false},"excerpt":{"rendered":"<p>A prova da 1\u00aa fase da OBMEP ser\u00e1 realizada dia 27 de maio, as 8 horas, nas salas do pavilh\u00e3o pedag\u00f3gico.<\/p>\n","protected":false},"author":1,"featured_media":0,"comment_status":"closed","ping_status":"closed","sticky":false,"template":"","format":"standard","meta":[],"categories":[10],"tags":[],"_links":{"self":[{"href":"https:\/\/www.ifbaiano.edu.br\/unidades\/santaines\/wp-json\/wp\/v2\/posts\/4500"}],"collection":[{"href":"https:\/\/www.ifbaiano.edu.br\/unidades\/santaines\/wp-json\/wp\/v2\/posts"}],"about":[{"href":"https:\/\/www.ifbaiano.edu.br\/unidades\/santaines\/wp-json\/wp\/v2\/types\/post"}],"author":[{"embeddable":true,"href":"https:\/\/www.ifbaiano.edu.br\/unidades\/santaines\/wp-json\/wp\/v2\/users\/1"}],"replies":[{"embeddable":true,"href":"https:\/\/www.ifbaiano.edu.br\/unidades\/santaines\/wp-json\/wp\/v2\/comments?post=4500"}],"version-history":[{"count":4,"href":"https:\/\/www.ifbaiano.edu.br\/unidades\/santaines\/wp-json\/wp\/v2\/posts\/4500\/revisions"}],"predecessor-version":[{"id":4502,"href":"https:\/\/www.ifbaiano.edu.br\/unidades\/santaines\/wp-json\/wp\/v2\/posts\/4500\/revisions\/4502"}],"wp:attachment":[{"href":"https:\/\/www.ifbaiano.edu.br\/unidades\/santaines\/wp-json\/wp\/v2\/media?parent=4500"}],"wp:term":[{"taxonomy":"category","embeddable":true,"href":"https:\/\/www.ifbaiano.edu.br\/unidades\/santaines\/wp-json\/wp\/v2\/categories?post=4500"},{"taxonomy":"post_tag","embeddable":true,"href":"https:\/\/www.ifbaiano.edu.br\/unidades\/santaines\/wp-json\/wp\/v2\/tags?post=4500"}],"curies":[{"name":"wp","href":"https:\/\/api.w.org\/{rel}","templated":true}]}}