{"id":4506,"date":"2014-06-06T12:19:16","date_gmt":"2014-06-06T15:19:16","guid":{"rendered":"http:\/\/www.ifbaiano.edu.br\/unidades\/santaines\/?p=4506"},"modified":"2014-06-23T09:00:26","modified_gmt":"2014-06-23T12:00:26","slug":"cronograma-de-datas-para-ingresso-de-estudantes-nos-cursos-de-graduacao-2014-2","status":"publish","type":"post","link":"https:\/\/www.ifbaiano.edu.br\/unidades\/santaines\/cronograma-de-datas-para-ingresso-de-estudantes-nos-cursos-de-graduacao-2014-2\/","title":{"rendered":"Cronograma (SISU) 2\u00aa chamada para ingresso de estudantes nos cursos de GRADUA\u00c7\u00c3O 2014.2"},"content":{"rendered":"<p><strong>Cronograma de datas (2\u00aa Chamada) para ingresso de estudantes nos cursos de gradua\u00e7\u00e3o 2014.2:<\/strong><\/p>\n<p>&nbsp;<\/p>\n<p>As matr\u00edculas para os candidatos selecionados para <strong>2\u00aa chamada do SISU<\/strong><\/p>\n<h3>ser\u00e1 de <strong>24\/06\/2014 a 02\/07\/2014<\/strong>.<\/h3>\n<p><span style=\"text-decoration: underline\">&#8211; Mesmo dia 02 de julho sendo feriado Estadual, estaremos realizando as matr\u00edculas!<\/span><\/p>\n<p><strong>Todos os candidatos devem comparecem munidos de todos os documentos.<\/strong><\/p>\n<p>Para candidatos inscritos na op\u00e7\u00e3o COTA, devem apresentar-se com todos os documento comprobat\u00f3rios.<\/p>\n<p>Segue link que d\u00e1 acesso a rela\u00e7\u00e3o de documentos que devem ser apresentados, conforme o caso.<\/p>\n<h3><strong><a title=\"Documentos\" href=\"http:\/\/www.ifbaiano.edu.br\/concursos\/portal\/sisu2013\/documentos-para-matricula-2\/\" target=\"_blank\">http:\/\/www.ifbaiano.edu.br\/concursos\/portal\/sisu2013\/documentos-para-matricula-2\/<\/a><\/strong><\/h3>\n<p>Destaco a necessidade de informar que nosso hor\u00e1rio de atendimento para matr\u00edculas se d\u00e1: das 8:00 \u00e1s 13:00h,<\/p>\n<p>exceto em dias de jogos do Brasil o expediente encerra-se \u00e1s 12:30.<\/p>\n<p><!--more--><\/p>\n<p><strong>02\/06 a 04\/06<\/strong><br \/>\nPer\u00edodo de inscri\u00e7\u00f5es &#8211; via SISU<\/p>\n<p><strong>06\/06<br \/>\nResultado da 1\u00aa chamada &#8211; via SISU<br \/>\n09\/06 a 13\/06<br \/>\nMatr\u00edcula da 1\u00aa chamada &#8211; SRA do Campus Santa In\u00eas<br \/>\nHOR\u00c1RIO: 8:00 \u00c0S 13:00h<br \/>\n<\/strong><br \/>\n24\/06<br \/>\nResultado da 2\u00aa chamada &#8211; via SISU<br \/>\n24\/06 a 07\/07<br \/>\nPrazo para participar da Lista de Espera<\/p>\n<p><strong>DOCUMENTOS EXIGIDOS PARA MATR\u00cdCULA.<\/strong><\/p>\n<p>O candidato dever\u00e1 apresentar no ato da matr\u00edcula:<\/p>\n<p>a) Carteira de Identidade;<br \/>\nb) CPF;<br \/>\nc) 01 foto 3\u00d74;<br \/>\nd) Certificado de Quita\u00e7\u00e3o do Servi\u00e7o Militar,<br \/>\ne) Quita\u00e7\u00e3o da Justi\u00e7a Eleitoral;<br \/>\nj) Certificado de Conclus\u00e3o e Hist\u00f3rico Escolar do Ensino M\u00e9dio;<br \/>\ng) Diploma e Hist\u00f3rico Escolar expedidos por Institui\u00e7\u00e3o de Ensino Superior devidamente credenciada pelo Minist\u00e9rio da Educa\u00e7\u00e3o, para graduados em Curso Superior;<br \/>\nh) Os documentos constantes nas al\u00edneas a,b,d,e,f e g, ser\u00e3o entregues em fotoc\u00f3pias leg\u00edveis a serem autenticadas por servidor \u00e1 vista dos originais, no<br \/>\nato da matr\u00edcula, e os mencionados nas al\u00edneas f e g, dever\u00e3o estar revalidados quando oriundos de pa\u00edses estrangeiros e devidamente acompanhados das respectivas tradu\u00e7\u00f5es juramentadas.<\/p>\n<p><strong>NOTAS:<\/strong><br \/>\n<strong> 01. Na falta de qualquer um dos documentos indicados acima, n\u00e3o ser\u00e1 poss\u00edvel a realiza\u00e7\u00e3o da matr\u00edcula;<\/strong><br \/>\n<strong> 02. Nos casos em que o Hist\u00f3rico escolar e\/ou Certificado n\u00e3o deixar claro a natureza da institui\u00e7\u00e3o, o candidato dever\u00e1 trazer declara\u00e7\u00e3o desta certificando a sua natureza p\u00fablica.<\/strong><\/p>\n","protected":false},"excerpt":{"rendered":"<p>ATEN\u00c7\u00c3O ALUNOS!!!!<br \/>\nMatr\u00edculas &#8211; 2\u00aa Chamada!!!<br \/>\nSegue o cronograma de datas para 2\u00aa Chamada para ingresso de estudantes nos cursos de gradua\u00e7\u00e3o 2014.2.<\/p>\n","protected":false},"author":7,"featured_media":0,"comment_status":"closed","ping_status":"closed","sticky":false,"template":"","format":"standard","meta":[],"categories":[5,10],"tags":[],"_links":{"self":[{"href":"https:\/\/www.ifbaiano.edu.br\/unidades\/santaines\/wp-json\/wp\/v2\/posts\/4506"}],"collection":[{"href":"https:\/\/www.ifbaiano.edu.br\/unidades\/santaines\/wp-json\/wp\/v2\/posts"}],"about":[{"href":"https:\/\/www.ifbaiano.edu.br\/unidades\/santaines\/wp-json\/wp\/v2\/types\/post"}],"author":[{"embeddable":true,"href":"https:\/\/www.ifbaiano.edu.br\/unidades\/santaines\/wp-json\/wp\/v2\/users\/7"}],"replies":[{"embeddable":true,"href":"https:\/\/www.ifbaiano.edu.br\/unidades\/santaines\/wp-json\/wp\/v2\/comments?post=4506"}],"version-history":[{"count":7,"href":"https:\/\/www.ifbaiano.edu.br\/unidades\/santaines\/wp-json\/wp\/v2\/posts\/4506\/revisions"}],"predecessor-version":[{"id":4527,"href":"https:\/\/www.ifbaiano.edu.br\/unidades\/santaines\/wp-json\/wp\/v2\/posts\/4506\/revisions\/4527"}],"wp:attachment":[{"href":"https:\/\/www.ifbaiano.edu.br\/unidades\/santaines\/wp-json\/wp\/v2\/media?parent=4506"}],"wp:term":[{"taxonomy":"category","embeddable":true,"href":"https:\/\/www.ifbaiano.edu.br\/unidades\/santaines\/wp-json\/wp\/v2\/categories?post=4506"},{"taxonomy":"post_tag","embeddable":true,"href":"https:\/\/www.ifbaiano.edu.br\/unidades\/santaines\/wp-json\/wp\/v2\/tags?post=4506"}],"curies":[{"name":"wp","href":"https:\/\/api.w.org\/{rel}","templated":true}]}}