{"id":4543,"date":"2014-07-17T10:57:11","date_gmt":"2014-07-17T13:57:11","guid":{"rendered":"http:\/\/www.ifbaiano.edu.br\/unidades\/santaines\/?p=4543"},"modified":"2014-07-17T18:49:16","modified_gmt":"2014-07-17T21:49:16","slug":"publicado-edital-de-convocacao-dos-candidatos-da-lista-de-espera-sisu","status":"publish","type":"post","link":"https:\/\/www.ifbaiano.edu.br\/unidades\/santaines\/publicado-edital-de-convocacao-dos-candidatos-da-lista-de-espera-sisu\/","title":{"rendered":"PUBLICADO EDITAL DE CONVOCA\u00c7\u00c3O DOS CANDIDATOS DA LISTA DE ESPERA SiSU"},"content":{"rendered":"<h2><strong>URGENTE ALUNOS (SISU)!!!<\/strong><\/h2>\n<h3><strong>Publicado\u00a0<span style=\"font-size: 1.17em\">Edital n\u00ba 22\/2014\u00a0<\/span><\/strong><strong>em 16 de julho de 2014<br \/>\n<\/strong><strong><span style=\"font-size: 1.17em\">(<\/span><span style=\"font-size: 1.17em;color: #ff0000\"><a href=\"http:\/\/www.ifbaiano.edu.br\/unidades\/santaines\/files\/2014\/07\/edital_convocacao_lista_de_espera.pdf\">EDITAL<\/a><\/span><span style=\"font-size: 1.17em\">)<br \/>\n<\/span><span style=\"font-size: 1.17em\">Convoca\u00e7\u00e3o para reuni\u00e3o de candidatos a matr\u00edcula pela lista de espera\u00a0<\/span><\/strong><strong><span style=\"font-size: 1.17em\">SISU. Segue a lista dos candidatos abaixo.\u00a0<\/span><\/strong><\/h3>\n<h3><span style=\"color: #ff0000\"><strong><span style=\"font-size: 1.17em\"><a href=\"http:\/\/www.ifbaiano.edu.br\/unidades\/santaines\/files\/2014\/07\/Biologia1.pdf\"><span style=\"color: #ff0000\">BIOLOGIA<\/span><\/a><\/span><\/strong><\/span><\/h3>\n<h3><span style=\"color: #ff0000\"><strong><span style=\"font-size: 1.17em\"><a href=\"http:\/\/www.ifbaiano.edu.br\/unidades\/santaines\/files\/2014\/07\/Geografia.pdf\"><span style=\"color: #ff0000\">GEOGRAFIA<\/span><\/a>\u00a0<\/span><\/strong><\/span><\/h3>\n<h3><span style=\"color: #ff0000\"><strong><span style=\"font-size: 1.17em\"> <a href=\"http:\/\/www.ifbaiano.edu.br\/unidades\/santaines\/files\/2014\/07\/Zootecnia.pdf\"><span style=\"color: #ff0000\">ZOOTECNIA<\/span><\/a>\u00a0 \u00a0 \u00a0 \u00a0 \u00a0 \u00a0 \u00a0 \u00a0 \u00a0 \u00a0 \u00a0 \u00a0 \u00a0 \u00a0 \u00a0 \u00a0 \u00a0 \u00a0 \u00a0 \u00a0 \u00a0 \u00a0 \u00a0 \u00a0 \u00a0 \u00a0 \u00a0 \u00a0 \u00a0 \u00a0 \u00a0 \u00a0 \u00a0 \u00a0 \u00a0 \u00a0 \u00a0 \u00a0 \u00a0 \u00a0 \u00a0 \u00a0 \u00a0 \u00a0 \u00a0 \u00a0 \u00a0 \u00a0 \u00a0 \u00a0 \u00a0 \u00a0 \u00a0 \u00a0 \u00a0 \u00a0 \u00a0 \u00a0 \u00a0 \u00a0 \u00a0 \u00a0 \u00a0 \u00a0\u00a0<\/span><\/strong><\/span><\/h3>\n<p>&nbsp;<\/p>\n<p>&nbsp;<\/p>\n<p>&nbsp;<\/p>\n<p>&nbsp;<\/p>\n<p>&nbsp;<\/p>\n<p>&nbsp;<\/p>\n<p>&nbsp;<\/p>\n<p>&nbsp;<\/p>\n<p>&nbsp;<\/p>\n","protected":false},"excerpt":{"rendered":"<p>URGENTE ALUNOS (SISU)<br \/>\nPublicado Edital n\u00ba 22\/2014 em 16 de julho de 2014<br \/>\nConvoca\u00e7\u00e3o para reuni\u00e3o de candidatos a matr\u00edcula pela lista de espera SISU<\/p>\n","protected":false},"author":7,"featured_media":0,"comment_status":"closed","ping_status":"closed","sticky":false,"template":"","format":"standard","meta":[],"categories":[5],"tags":[],"_links":{"self":[{"href":"https:\/\/www.ifbaiano.edu.br\/unidades\/santaines\/wp-json\/wp\/v2\/posts\/4543"}],"collection":[{"href":"https:\/\/www.ifbaiano.edu.br\/unidades\/santaines\/wp-json\/wp\/v2\/posts"}],"about":[{"href":"https:\/\/www.ifbaiano.edu.br\/unidades\/santaines\/wp-json\/wp\/v2\/types\/post"}],"author":[{"embeddable":true,"href":"https:\/\/www.ifbaiano.edu.br\/unidades\/santaines\/wp-json\/wp\/v2\/users\/7"}],"replies":[{"embeddable":true,"href":"https:\/\/www.ifbaiano.edu.br\/unidades\/santaines\/wp-json\/wp\/v2\/comments?post=4543"}],"version-history":[{"count":4,"href":"https:\/\/www.ifbaiano.edu.br\/unidades\/santaines\/wp-json\/wp\/v2\/posts\/4543\/revisions"}],"predecessor-version":[{"id":4546,"href":"https:\/\/www.ifbaiano.edu.br\/unidades\/santaines\/wp-json\/wp\/v2\/posts\/4543\/revisions\/4546"}],"wp:attachment":[{"href":"https:\/\/www.ifbaiano.edu.br\/unidades\/santaines\/wp-json\/wp\/v2\/media?parent=4543"}],"wp:term":[{"taxonomy":"category","embeddable":true,"href":"https:\/\/www.ifbaiano.edu.br\/unidades\/santaines\/wp-json\/wp\/v2\/categories?post=4543"},{"taxonomy":"post_tag","embeddable":true,"href":"https:\/\/www.ifbaiano.edu.br\/unidades\/santaines\/wp-json\/wp\/v2\/tags?post=4543"}],"curies":[{"name":"wp","href":"https:\/\/api.w.org\/{rel}","templated":true}]}}