{"id":4577,"date":"2014-08-06T19:08:22","date_gmt":"2014-08-06T22:08:22","guid":{"rendered":"http:\/\/www.ifbaiano.edu.br\/unidades\/santaines\/?p=4577"},"modified":"2014-08-11T16:27:10","modified_gmt":"2014-08-11T19:27:10","slug":"pre-selecionados-paise-2014","status":"publish","type":"post","link":"https:\/\/www.ifbaiano.edu.br\/unidades\/santaines\/pre-selecionados-paise-2014\/","title":{"rendered":"RESULTADO DA SELE\u00c7\u00c3O SOCIOECON\u00d4MICA DO  PAISE"},"content":{"rendered":"<h2>Postado em 11 de agosto de 2014<\/h2>\n<h3><strong>RESULTADO DA SELE\u00c7\u00c3O SOCIOECON\u00d4MICA DO \u00a0PAISE<br \/>\nPROGRAMA DE ASSIST\u00caNCIA E INCLUS\u00c3O SOCIAL DO ESTUDANTE &#8211; EDITAL 24\/14<\/strong><\/h3>\n<h2><a title=\"PAISE Publica\u00e7\u00e3o\" href=\"http:\/\/www.ifbaiano.edu.br\/unidades\/santaines\/files\/2014\/08\/paise_recursos_edital_24.pdf\" target=\"_blank\">ACESSE O EDITAL 24\/14\u00a0<\/a><\/h2>\n<p>&nbsp;<\/p>\n<p><!--more--><\/p>\n<p><strong>Data: 06\/08\/2014<\/strong><\/p>\n<h3>Pr\u00e9-selecionados PAISE (2014)<\/h3>\n<h3>Resultado<\/h3>\n<h3><a href=\"http:\/\/www.ifbaiano.edu.br\/unidades\/santaines\/files\/2014\/08\/divulgacao_paise.pdf\" target=\"_blank\">DIVULGA\u00c7\u00c3O RESULTADO (AGOSTO\/2014)<\/a><\/h3>\n","protected":false},"excerpt":{"rendered":"<p>RESULTADO DA SELE\u00c7\u00c3O SOCIOECON\u00d4MICA DO  PAISE<br \/>\nPROGRAMA DE ASSIST\u00caNCIA E INCLUS\u00c3O SOCIAL DO ESTUDANTE &#8211; EDITAL 24\/14<\/p>\n","protected":false},"author":7,"featured_media":0,"comment_status":"closed","ping_status":"closed","sticky":false,"template":"","format":"standard","meta":[],"categories":[4,5,10],"tags":[],"_links":{"self":[{"href":"https:\/\/www.ifbaiano.edu.br\/unidades\/santaines\/wp-json\/wp\/v2\/posts\/4577"}],"collection":[{"href":"https:\/\/www.ifbaiano.edu.br\/unidades\/santaines\/wp-json\/wp\/v2\/posts"}],"about":[{"href":"https:\/\/www.ifbaiano.edu.br\/unidades\/santaines\/wp-json\/wp\/v2\/types\/post"}],"author":[{"embeddable":true,"href":"https:\/\/www.ifbaiano.edu.br\/unidades\/santaines\/wp-json\/wp\/v2\/users\/7"}],"replies":[{"embeddable":true,"href":"https:\/\/www.ifbaiano.edu.br\/unidades\/santaines\/wp-json\/wp\/v2\/comments?post=4577"}],"version-history":[{"count":8,"href":"https:\/\/www.ifbaiano.edu.br\/unidades\/santaines\/wp-json\/wp\/v2\/posts\/4577\/revisions"}],"predecessor-version":[{"id":4581,"href":"https:\/\/www.ifbaiano.edu.br\/unidades\/santaines\/wp-json\/wp\/v2\/posts\/4577\/revisions\/4581"}],"wp:attachment":[{"href":"https:\/\/www.ifbaiano.edu.br\/unidades\/santaines\/wp-json\/wp\/v2\/media?parent=4577"}],"wp:term":[{"taxonomy":"category","embeddable":true,"href":"https:\/\/www.ifbaiano.edu.br\/unidades\/santaines\/wp-json\/wp\/v2\/categories?post=4577"},{"taxonomy":"post_tag","embeddable":true,"href":"https:\/\/www.ifbaiano.edu.br\/unidades\/santaines\/wp-json\/wp\/v2\/tags?post=4577"}],"curies":[{"name":"wp","href":"https:\/\/api.w.org\/{rel}","templated":true}]}}