{"id":4583,"date":"2014-08-06T23:26:28","date_gmt":"2014-08-07T02:26:28","guid":{"rendered":"http:\/\/www.ifbaiano.edu.br\/unidades\/santaines\/?p=4583"},"modified":"2014-08-06T23:39:52","modified_gmt":"2014-08-07T02:39:52","slug":"formacao-socio-politica-e-oferecida-para-estudantes-proeja","status":"publish","type":"post","link":"https:\/\/www.ifbaiano.edu.br\/unidades\/santaines\/formacao-socio-politica-e-oferecida-para-estudantes-proeja\/","title":{"rendered":"Forma\u00e7\u00e3o s\u00f3cio-pol\u00edtica \u00e9 oferecida para estudantes Proeja"},"content":{"rendered":"<p>Os estudantes do curso T\u00e9cnico em Agropecu\u00e1ria, modalidade Proeja, vem aprimorando os conhecimentos pr\u00e1ticos, a partir das experi\u00eancias<\/p>\n<p><span style=\"color: #ff0000\"><a href=\"http:\/\/ifbembaiano.blogspot.com.br\/2014\/08\/formacao-socio-politica-e-oferecida.html\"><span style=\"color: #ff0000\">http:\/\/ifbembaiano.blogspot.com.br\/2014\/08\/formacao-socio-politica-e-oferecida.html<\/span><\/a><\/span><\/p>\n<p><span style=\"color: #ff0000\"><br \/>\n<\/span><\/p>\n","protected":false},"excerpt":{"rendered":"<p>Os estudantes do curso T\u00e9cnico em Agropecu\u00e1ria, modalidade Proeja, vem aprimorando os conhecimentos pr\u00e1ticos, a partir das experi\u00eancias<\/p>\n<p><span style=\"color: #ff0000\"><a href=\"http:\/\/ifbembaiano.blogspot.com.br\/2014\/08\/formacao-socio-politica-e-oferecida.html\"><span style=\"color: #ff0000\">http:\/\/ifbembaiano.blogspot.com.br\/2014\/08\/formacao-socio-politica-e-oferecida.html<\/span><\/a><\/span><\/p>\n<p><span style=\"color: #ff0000\"><br \/>\n<\/span><\/p>\n","protected":false},"author":1,"featured_media":0,"comment_status":"closed","ping_status":"closed","sticky":false,"template":"","format":"standard","meta":[],"categories":[10],"tags":[],"_links":{"self":[{"href":"https:\/\/www.ifbaiano.edu.br\/unidades\/santaines\/wp-json\/wp\/v2\/posts\/4583"}],"collection":[{"href":"https:\/\/www.ifbaiano.edu.br\/unidades\/santaines\/wp-json\/wp\/v2\/posts"}],"about":[{"href":"https:\/\/www.ifbaiano.edu.br\/unidades\/santaines\/wp-json\/wp\/v2\/types\/post"}],"author":[{"embeddable":true,"href":"https:\/\/www.ifbaiano.edu.br\/unidades\/santaines\/wp-json\/wp\/v2\/users\/1"}],"replies":[{"embeddable":true,"href":"https:\/\/www.ifbaiano.edu.br\/unidades\/santaines\/wp-json\/wp\/v2\/comments?post=4583"}],"version-history":[{"count":7,"href":"https:\/\/www.ifbaiano.edu.br\/unidades\/santaines\/wp-json\/wp\/v2\/posts\/4583\/revisions"}],"predecessor-version":[{"id":4590,"href":"https:\/\/www.ifbaiano.edu.br\/unidades\/santaines\/wp-json\/wp\/v2\/posts\/4583\/revisions\/4590"}],"wp:attachment":[{"href":"https:\/\/www.ifbaiano.edu.br\/unidades\/santaines\/wp-json\/wp\/v2\/media?parent=4583"}],"wp:term":[{"taxonomy":"category","embeddable":true,"href":"https:\/\/www.ifbaiano.edu.br\/unidades\/santaines\/wp-json\/wp\/v2\/categories?post=4583"},{"taxonomy":"post_tag","embeddable":true,"href":"https:\/\/www.ifbaiano.edu.br\/unidades\/santaines\/wp-json\/wp\/v2\/tags?post=4583"}],"curies":[{"name":"wp","href":"https:\/\/api.w.org\/{rel}","templated":true}]}}