{"id":4592,"date":"2014-08-08T15:24:31","date_gmt":"2014-08-08T18:24:31","guid":{"rendered":"http:\/\/www.ifbaiano.edu.br\/unidades\/santaines\/?p=4592"},"modified":"2014-08-08T15:24:31","modified_gmt":"2014-08-08T18:24:31","slug":"aviso-trancamento-de-matricula-e-aproveitamento-de-estudos","status":"publish","type":"post","link":"https:\/\/www.ifbaiano.edu.br\/unidades\/santaines\/aviso-trancamento-de-matricula-e-aproveitamento-de-estudos\/","title":{"rendered":"Aviso: Trancamento de matr\u00edcula  e Aproveitamento de estudos"},"content":{"rendered":"<p>Prezados (as) discentes, confiram o per\u00edodo, hor\u00e1rio e local em que poder\u00e3o solicitar o trancamento de matr\u00edcula e aproveitamento de estudos.<\/p>\n<p><span style=\"color: #ff0000\"><a href=\"http:\/\/www.ifbaiano.edu.br\/unidades\/santaines\/files\/2014\/08\/datas-solicitacoes-discentes1.pdf\"><span style=\"color: #ff0000\">AVISO AQUI<\/span><\/a><\/span><\/p>\n","protected":false},"excerpt":{"rendered":"<p>Prezados (as) discentes, confiram o per\u00edodo, hor\u00e1rio e local em que poder\u00e3o solicitar o trancamento de matr\u00edcula e aproveitamento de estudos.<\/p>\n<p><span style=\"color: #ff0000\"><a href=\"http:\/\/www.ifbaiano.edu.br\/unidades\/santaines\/files\/2014\/08\/datas-solicitacoes-discentes1.pdf\"><span style=\"color: #ff0000\">AVISO AQUI<\/span><\/a><\/span><\/p>\n","protected":false},"author":1,"featured_media":0,"comment_status":"closed","ping_status":"closed","sticky":false,"template":"","format":"standard","meta":[],"categories":[10],"tags":[],"_links":{"self":[{"href":"https:\/\/www.ifbaiano.edu.br\/unidades\/santaines\/wp-json\/wp\/v2\/posts\/4592"}],"collection":[{"href":"https:\/\/www.ifbaiano.edu.br\/unidades\/santaines\/wp-json\/wp\/v2\/posts"}],"about":[{"href":"https:\/\/www.ifbaiano.edu.br\/unidades\/santaines\/wp-json\/wp\/v2\/types\/post"}],"author":[{"embeddable":true,"href":"https:\/\/www.ifbaiano.edu.br\/unidades\/santaines\/wp-json\/wp\/v2\/users\/1"}],"replies":[{"embeddable":true,"href":"https:\/\/www.ifbaiano.edu.br\/unidades\/santaines\/wp-json\/wp\/v2\/comments?post=4592"}],"version-history":[{"count":2,"href":"https:\/\/www.ifbaiano.edu.br\/unidades\/santaines\/wp-json\/wp\/v2\/posts\/4592\/revisions"}],"predecessor-version":[{"id":4597,"href":"https:\/\/www.ifbaiano.edu.br\/unidades\/santaines\/wp-json\/wp\/v2\/posts\/4592\/revisions\/4597"}],"wp:attachment":[{"href":"https:\/\/www.ifbaiano.edu.br\/unidades\/santaines\/wp-json\/wp\/v2\/media?parent=4592"}],"wp:term":[{"taxonomy":"category","embeddable":true,"href":"https:\/\/www.ifbaiano.edu.br\/unidades\/santaines\/wp-json\/wp\/v2\/categories?post=4592"},{"taxonomy":"post_tag","embeddable":true,"href":"https:\/\/www.ifbaiano.edu.br\/unidades\/santaines\/wp-json\/wp\/v2\/tags?post=4592"}],"curies":[{"name":"wp","href":"https:\/\/api.w.org\/{rel}","templated":true}]}}