{"id":4608,"date":"2014-08-16T19:31:06","date_gmt":"2014-08-16T22:31:06","guid":{"rendered":"http:\/\/www.ifbaiano.edu.br\/unidades\/santaines\/?p=4608"},"modified":"2014-08-16T19:31:06","modified_gmt":"2014-08-16T22:31:06","slug":"reconhecimento-do-curso-de-licenciatura-em-geografia","status":"publish","type":"post","link":"https:\/\/www.ifbaiano.edu.br\/unidades\/santaines\/reconhecimento-do-curso-de-licenciatura-em-geografia\/","title":{"rendered":"Reconhecimento do Curso de Licenciatura em Geografia"},"content":{"rendered":"<p>\u00c0 Comunidade Acad\u00eamica<\/p>\n<p style=\"text-align: justify\">Comunicamos a todos o reconhecimento do nosso Curso de Licenciatura em Geografia, o reconhecimento veio ap\u00f3s a visita dos avaliadores do MEC-INEP, ocorrida no per\u00edodo de 03 e 06 de agosto, esse reconhecimento, demonstra que estamos no caminho certo, apesar de todas as dificuldades que temos encontrado ao longo destes anos e que bons resultados somente s\u00e3o alcan\u00e7ados com dedica\u00e7\u00e3o, comprometimento e trabalho em equipe.\u00a0 Especiais agradecimentos \u00e0 Coordenadora do curso, professora Fl\u00e1via pelo empenho e dedica\u00e7\u00e3o, a Coordena\u00e7\u00e3o dos cursos superiores, professoras Hildonice e Mirna, pelo apoio e direcionamento, ao professor Rodrigo Ot\u00e1vio, pela experi\u00eancia e acompanhamento da comiss\u00e3o durante todo per\u00edodo da avalia\u00e7\u00e3o, as Diretorias Acad\u00eamica e Administrativa,\u00a0 secret\u00e1ria de Registros Acad\u00eamicos, Biblioteca e demais setores pela organiza\u00e7\u00e3o, a Comiss\u00e3o Permanente de Avalia\u00e7\u00e3o na pessoa do servidor Carlito, aos docentes em especial a Samile, F\u00e1bio, Gileno, Rosineide e Marisela pelo envolvimento, aos estudantes, t\u00e9cnicos administrativos, funcion\u00e1rios terceirizados e estagi\u00e1rios, em fim , a todos que de uma maneira ou de outra, estiveram envolvidos neste processo de reconhecimento.<\/p>\n<p style=\"text-align: justify\">Parab\u00e9ns ao IFBaiano Campus Santa In\u00eas por mais essa conquista.<\/p>\n<p style=\"text-align: justify\">Nelson\u00a0Vieira\u00a0da\u00a0Silva\u00a0Filho<\/p>\n<p style=\"text-align: justify\">Diretor\u00a0Geral<\/p>\n","protected":false},"excerpt":{"rendered":"<p>Comunicamos a todos o reconhecimento do nosso Curso de Licenciatura em Geografia, o reconhecimento veio ap\u00f3s a visita dos avaliadores do MEC-INEP, ocorrida no per\u00edodo de 03 e 06 de agosto <\/p>\n","protected":false},"author":1,"featured_media":0,"comment_status":"closed","ping_status":"closed","sticky":false,"template":"","format":"standard","meta":[],"categories":[5],"tags":[],"_links":{"self":[{"href":"https:\/\/www.ifbaiano.edu.br\/unidades\/santaines\/wp-json\/wp\/v2\/posts\/4608"}],"collection":[{"href":"https:\/\/www.ifbaiano.edu.br\/unidades\/santaines\/wp-json\/wp\/v2\/posts"}],"about":[{"href":"https:\/\/www.ifbaiano.edu.br\/unidades\/santaines\/wp-json\/wp\/v2\/types\/post"}],"author":[{"embeddable":true,"href":"https:\/\/www.ifbaiano.edu.br\/unidades\/santaines\/wp-json\/wp\/v2\/users\/1"}],"replies":[{"embeddable":true,"href":"https:\/\/www.ifbaiano.edu.br\/unidades\/santaines\/wp-json\/wp\/v2\/comments?post=4608"}],"version-history":[{"count":1,"href":"https:\/\/www.ifbaiano.edu.br\/unidades\/santaines\/wp-json\/wp\/v2\/posts\/4608\/revisions"}],"predecessor-version":[{"id":4610,"href":"https:\/\/www.ifbaiano.edu.br\/unidades\/santaines\/wp-json\/wp\/v2\/posts\/4608\/revisions\/4610"}],"wp:attachment":[{"href":"https:\/\/www.ifbaiano.edu.br\/unidades\/santaines\/wp-json\/wp\/v2\/media?parent=4608"}],"wp:term":[{"taxonomy":"category","embeddable":true,"href":"https:\/\/www.ifbaiano.edu.br\/unidades\/santaines\/wp-json\/wp\/v2\/categories?post=4608"},{"taxonomy":"post_tag","embeddable":true,"href":"https:\/\/www.ifbaiano.edu.br\/unidades\/santaines\/wp-json\/wp\/v2\/tags?post=4608"}],"curies":[{"name":"wp","href":"https:\/\/api.w.org\/{rel}","templated":true}]}}