{"id":4629,"date":"2014-09-01T11:10:12","date_gmt":"2014-09-01T14:10:12","guid":{"rendered":"http:\/\/www.ifbaiano.edu.br\/unidades\/santaines\/?p=4629"},"modified":"2014-10-10T09:25:55","modified_gmt":"2014-10-10T12:25:55","slug":"suspensao-do-processo-seletivo-para-estagiario","status":"publish","type":"post","link":"https:\/\/www.ifbaiano.edu.br\/unidades\/santaines\/suspensao-do-processo-seletivo-para-estagiario\/","title":{"rendered":"Suspens\u00e3o do Processo Seletivo para Estagi\u00e1rio"},"content":{"rendered":"<p style=\"text-align: right\">01\/09\/2014<\/p>\n<p style=\"text-align: justify\">O Diretor-Geral do IF Baiano Campus Santa In\u00eas, resolve suspender o Processo Seletivo para estagi\u00e1rio, devido \u00e0s restri\u00e7\u00f5es impostas pela Legisla\u00e7\u00e3o Eleitoral (Lei n\u00ba 9.504\/97) aos agentes p\u00fablicos quanto \u00e0 contrata\u00e7\u00e3o de candidatos selecionados em Processos Seletivos no per\u00edodo eleitoral. Informamos que o rein\u00edcio se dar\u00e1 ap\u00f3s a posse dos candidatos eleitos.<\/p>\n","protected":false},"excerpt":{"rendered":"<p>01\/09\/2014 &#8211; O Diretor-Geral do IF Baiano Campus Santa In\u00eas, resolve suspender o Processo Seletivo para estagi\u00e1rio<\/p>\n","protected":false},"author":1,"featured_media":0,"comment_status":"closed","ping_status":"closed","sticky":false,"template":"","format":"standard","meta":[],"categories":[10,8],"tags":[],"_links":{"self":[{"href":"https:\/\/www.ifbaiano.edu.br\/unidades\/santaines\/wp-json\/wp\/v2\/posts\/4629"}],"collection":[{"href":"https:\/\/www.ifbaiano.edu.br\/unidades\/santaines\/wp-json\/wp\/v2\/posts"}],"about":[{"href":"https:\/\/www.ifbaiano.edu.br\/unidades\/santaines\/wp-json\/wp\/v2\/types\/post"}],"author":[{"embeddable":true,"href":"https:\/\/www.ifbaiano.edu.br\/unidades\/santaines\/wp-json\/wp\/v2\/users\/1"}],"replies":[{"embeddable":true,"href":"https:\/\/www.ifbaiano.edu.br\/unidades\/santaines\/wp-json\/wp\/v2\/comments?post=4629"}],"version-history":[{"count":9,"href":"https:\/\/www.ifbaiano.edu.br\/unidades\/santaines\/wp-json\/wp\/v2\/posts\/4629\/revisions"}],"predecessor-version":[{"id":4647,"href":"https:\/\/www.ifbaiano.edu.br\/unidades\/santaines\/wp-json\/wp\/v2\/posts\/4629\/revisions\/4647"}],"wp:attachment":[{"href":"https:\/\/www.ifbaiano.edu.br\/unidades\/santaines\/wp-json\/wp\/v2\/media?parent=4629"}],"wp:term":[{"taxonomy":"category","embeddable":true,"href":"https:\/\/www.ifbaiano.edu.br\/unidades\/santaines\/wp-json\/wp\/v2\/categories?post=4629"},{"taxonomy":"post_tag","embeddable":true,"href":"https:\/\/www.ifbaiano.edu.br\/unidades\/santaines\/wp-json\/wp\/v2\/tags?post=4629"}],"curies":[{"name":"wp","href":"https:\/\/api.w.org\/{rel}","templated":true}]}}