{"id":4638,"date":"2014-09-01T14:35:38","date_gmt":"2014-09-01T17:35:38","guid":{"rendered":"http:\/\/www.ifbaiano.edu.br\/unidades\/santaines\/?p=4638"},"modified":"2014-10-10T09:21:20","modified_gmt":"2014-10-10T12:21:20","slug":"iv-semana-de-zootecnia-do-if-baiano-campus-de-santa-ines","status":"publish","type":"post","link":"https:\/\/www.ifbaiano.edu.br\/unidades\/santaines\/iv-semana-de-zootecnia-do-if-baiano-campus-de-santa-ines\/","title":{"rendered":"IV Semana de Zootecnia do IF Baiano Campus Santa In\u00eas"},"content":{"rendered":"<p style=\"text-align: right\">01\/09\/2014<\/p>\n<p>IV Semana de Zootecnia do IF Baiano Campus de santa In\u00eas, nos dias 26 e 27 de setembro de 2014.<br \/>\nPalestra de Abertura, Exposi\u00e7\u00e3o de Trabalhos Cient\u00edficos e Minicursos simult\u00e2neos.<span style=\"color: #ff0000\"><span class=\"Apple-style-span\">\u00a0<a href=\"http:\/\/www.ifbaiano.edu.br\/unidades\/santaines\/files\/2014\/09\/Cartaz2.pdf\"><span style=\"color: #ff0000\">CONFIRA AQUI<\/span><\/a>.<\/span><\/span><\/p>\n","protected":false},"excerpt":{"rendered":"<p> 01\/09\/2014 &#8211; IV Semana de Zootecnia do IF Baiano Campus de santa In\u00eas, nos dias 26 e 27 de setembro de 2014.<\/p>\n","protected":false},"author":1,"featured_media":0,"comment_status":"closed","ping_status":"closed","sticky":false,"template":"","format":"standard","meta":[],"categories":[12,10],"tags":[],"_links":{"self":[{"href":"https:\/\/www.ifbaiano.edu.br\/unidades\/santaines\/wp-json\/wp\/v2\/posts\/4638"}],"collection":[{"href":"https:\/\/www.ifbaiano.edu.br\/unidades\/santaines\/wp-json\/wp\/v2\/posts"}],"about":[{"href":"https:\/\/www.ifbaiano.edu.br\/unidades\/santaines\/wp-json\/wp\/v2\/types\/post"}],"author":[{"embeddable":true,"href":"https:\/\/www.ifbaiano.edu.br\/unidades\/santaines\/wp-json\/wp\/v2\/users\/1"}],"replies":[{"embeddable":true,"href":"https:\/\/www.ifbaiano.edu.br\/unidades\/santaines\/wp-json\/wp\/v2\/comments?post=4638"}],"version-history":[{"count":10,"href":"https:\/\/www.ifbaiano.edu.br\/unidades\/santaines\/wp-json\/wp\/v2\/posts\/4638\/revisions"}],"predecessor-version":[{"id":4649,"href":"https:\/\/www.ifbaiano.edu.br\/unidades\/santaines\/wp-json\/wp\/v2\/posts\/4638\/revisions\/4649"}],"wp:attachment":[{"href":"https:\/\/www.ifbaiano.edu.br\/unidades\/santaines\/wp-json\/wp\/v2\/media?parent=4638"}],"wp:term":[{"taxonomy":"category","embeddable":true,"href":"https:\/\/www.ifbaiano.edu.br\/unidades\/santaines\/wp-json\/wp\/v2\/categories?post=4638"},{"taxonomy":"post_tag","embeddable":true,"href":"https:\/\/www.ifbaiano.edu.br\/unidades\/santaines\/wp-json\/wp\/v2\/tags?post=4638"}],"curies":[{"name":"wp","href":"https:\/\/api.w.org\/{rel}","templated":true}]}}