{"id":4669,"date":"2014-09-19T10:45:43","date_gmt":"2014-09-19T13:45:43","guid":{"rendered":"http:\/\/www.ifbaiano.edu.br\/unidades\/santaines\/?p=4669"},"modified":"2014-10-10T09:07:49","modified_gmt":"2014-10-10T12:07:49","slug":"estudantes-de-ubaira-visitam-o-campus","status":"publish","type":"post","link":"https:\/\/www.ifbaiano.edu.br\/unidades\/santaines\/estudantes-de-ubaira-visitam-o-campus\/","title":{"rendered":"Estudantes de Uba\u00edra visitam o Campus"},"content":{"rendered":"<p style=\"text-align: right\">19\/09\/2014<\/p>\n<p>No dia 11.09.2014 estudantes da Escola Estadual Balbino Muniz visitaram o Laborat\u00f3rio de Geof\u00edsica do Campus Santa In\u00eas, onde tiveram uma palestra sobre a Import\u00e2ncia das geoci\u00eancias para a humanidade e sobre a geologia de Uba\u00edra, proferida pelo Prof. F\u00e1bio Nunes.<\/p>\n<p><a href=\"http:\/\/www.ifbaiano.edu.br\/unidades\/santaines\/files\/2014\/09\/DSC_001.jpg\"><img decoding=\"async\" loading=\"lazy\" class=\"alignleft size-medium wp-image-4792\" src=\"http:\/\/www.ifbaiano.edu.br\/unidades\/santaines\/files\/2014\/09\/DSC_001-300x196.jpg\" alt=\"\" width=\"300\" height=\"196\" srcset=\"https:\/\/www.ifbaiano.edu.br\/unidades\/santaines\/files\/2014\/09\/DSC_001-300x196.jpg 300w, https:\/\/www.ifbaiano.edu.br\/unidades\/santaines\/files\/2014\/09\/DSC_001-400x262.jpg 400w, https:\/\/www.ifbaiano.edu.br\/unidades\/santaines\/files\/2014\/09\/DSC_001.jpg 550w\" sizes=\"(max-width: 300px) 100vw, 300px\" \/><\/a><\/p>\n<p><a href=\"http:\/\/www.ifbaiano.edu.br\/unidades\/santaines\/files\/2014\/09\/DSC_002.jpg\"><img decoding=\"async\" loading=\"lazy\" class=\"alignleft size-medium wp-image-4793\" src=\"http:\/\/www.ifbaiano.edu.br\/unidades\/santaines\/files\/2014\/09\/DSC_002-300x196.jpg\" alt=\"\" width=\"300\" height=\"196\" srcset=\"https:\/\/www.ifbaiano.edu.br\/unidades\/santaines\/files\/2014\/09\/DSC_002-300x196.jpg 300w, https:\/\/www.ifbaiano.edu.br\/unidades\/santaines\/files\/2014\/09\/DSC_002-400x262.jpg 400w, https:\/\/www.ifbaiano.edu.br\/unidades\/santaines\/files\/2014\/09\/DSC_002.jpg 550w\" sizes=\"(max-width: 300px) 100vw, 300px\" \/><\/a><\/p>\n<p>&nbsp;<\/p>\n<p>&nbsp;<\/p>\n<p>&nbsp;<\/p>\n<p>&nbsp;<\/p>\n<p>&nbsp;<\/p>\n<p>&nbsp;<\/p>\n<p><a href=\"http:\/\/www.ifbaiano.edu.br\/unidades\/santaines\/files\/2014\/09\/DSC_003.jpg\"><img decoding=\"async\" loading=\"lazy\" class=\"alignleft size-medium wp-image-4794\" src=\"http:\/\/www.ifbaiano.edu.br\/unidades\/santaines\/files\/2014\/09\/DSC_003-300x196.jpg\" alt=\"\" width=\"300\" height=\"196\" srcset=\"https:\/\/www.ifbaiano.edu.br\/unidades\/santaines\/files\/2014\/09\/DSC_003-300x196.jpg 300w, https:\/\/www.ifbaiano.edu.br\/unidades\/santaines\/files\/2014\/09\/DSC_003-400x262.jpg 400w, https:\/\/www.ifbaiano.edu.br\/unidades\/santaines\/files\/2014\/09\/DSC_003.jpg 550w\" sizes=\"(max-width: 300px) 100vw, 300px\" \/><\/a><\/p>\n<p><a href=\"http:\/\/www.ifbaiano.edu.br\/unidades\/santaines\/files\/2014\/09\/DSC_1233.jpg\"><img decoding=\"async\" loading=\"lazy\" class=\"alignleft size-medium wp-image-4795\" src=\"http:\/\/www.ifbaiano.edu.br\/unidades\/santaines\/files\/2014\/09\/DSC_1233-300x196.jpg\" alt=\"\" width=\"300\" height=\"196\" srcset=\"https:\/\/www.ifbaiano.edu.br\/unidades\/santaines\/files\/2014\/09\/DSC_1233-300x196.jpg 300w, https:\/\/www.ifbaiano.edu.br\/unidades\/santaines\/files\/2014\/09\/DSC_1233-400x262.jpg 400w, https:\/\/www.ifbaiano.edu.br\/unidades\/santaines\/files\/2014\/09\/DSC_1233.jpg 550w\" sizes=\"(max-width: 300px) 100vw, 300px\" \/><\/a><\/p>\n","protected":false},"excerpt":{"rendered":"<p>19\/09\/2014 &#8211; No dia 11.09.2014 estudantes da Escola Estadual Balbino Muniz visitaram o Laborat\u00f3rio de Geof\u00edsica do Campus Santa In\u00eas<\/p>\n","protected":false},"author":1,"featured_media":0,"comment_status":"closed","ping_status":"closed","sticky":false,"template":"","format":"standard","meta":[],"categories":[10],"tags":[],"_links":{"self":[{"href":"https:\/\/www.ifbaiano.edu.br\/unidades\/santaines\/wp-json\/wp\/v2\/posts\/4669"}],"collection":[{"href":"https:\/\/www.ifbaiano.edu.br\/unidades\/santaines\/wp-json\/wp\/v2\/posts"}],"about":[{"href":"https:\/\/www.ifbaiano.edu.br\/unidades\/santaines\/wp-json\/wp\/v2\/types\/post"}],"author":[{"embeddable":true,"href":"https:\/\/www.ifbaiano.edu.br\/unidades\/santaines\/wp-json\/wp\/v2\/users\/1"}],"replies":[{"embeddable":true,"href":"https:\/\/www.ifbaiano.edu.br\/unidades\/santaines\/wp-json\/wp\/v2\/comments?post=4669"}],"version-history":[{"count":4,"href":"https:\/\/www.ifbaiano.edu.br\/unidades\/santaines\/wp-json\/wp\/v2\/posts\/4669\/revisions"}],"predecessor-version":[{"id":4678,"href":"https:\/\/www.ifbaiano.edu.br\/unidades\/santaines\/wp-json\/wp\/v2\/posts\/4669\/revisions\/4678"}],"wp:attachment":[{"href":"https:\/\/www.ifbaiano.edu.br\/unidades\/santaines\/wp-json\/wp\/v2\/media?parent=4669"}],"wp:term":[{"taxonomy":"category","embeddable":true,"href":"https:\/\/www.ifbaiano.edu.br\/unidades\/santaines\/wp-json\/wp\/v2\/categories?post=4669"},{"taxonomy":"post_tag","embeddable":true,"href":"https:\/\/www.ifbaiano.edu.br\/unidades\/santaines\/wp-json\/wp\/v2\/tags?post=4669"}],"curies":[{"name":"wp","href":"https:\/\/api.w.org\/{rel}","templated":true}]}}