{"id":4687,"date":"2014-09-22T14:17:22","date_gmt":"2014-09-22T17:17:22","guid":{"rendered":"http:\/\/www.ifbaiano.edu.br\/unidades\/santaines\/?p=4687"},"modified":"2014-09-24T08:57:11","modified_gmt":"2014-09-24T11:57:11","slug":"processo-seletivo-chamada-interna-para-elaborador-e-analista-de-questoes-de-prova","status":"publish","type":"post","link":"https:\/\/www.ifbaiano.edu.br\/unidades\/santaines\/processo-seletivo-chamada-interna-para-elaborador-e-analista-de-questoes-de-prova\/","title":{"rendered":"Processo Seletivo: Chamada interna para elaborador e analista de quest\u00f5es de prova"},"content":{"rendered":"<p style=\"text-align: right;\"><strong>22\/09\/2014<\/strong><\/p>\n<p>&nbsp;<\/p>\n<p>De 23 a 26 de setembro, estar\u00e1 aberto o per\u00edodo de inscri\u00e7\u00e3o para elaboradores (docentes) e analista cr\u00edtico (pedagogos ou t\u00e9cnicos administrativos) de quest\u00f5es de prova para o Processo Seletivo de Ingresso de Estudantes 2015, relativo aos cursos da Educa\u00e7\u00e3o Profissional T\u00e9cnica de N\u00edvel M\u00e9dio \u2013 Integrada e Subsequente.<\/p>\n<p><strong><a title=\"Processo Seletivo Elaborador de Quest\u00f5es\" href=\"http:\/\/www.ifbaiano.edu.br\/reitoria\/?p=28018\" target=\"_blank\">Mais informa\u00e7\u00f5es no site do IFBaiano ou mural do m\u00f3dulo pedag\u00f3gico\u00a0<\/a><\/strong><\/p>\n<p>&nbsp;<\/p>\n<p>&nbsp;<\/p>\n","protected":false},"excerpt":{"rendered":"<p>22\/09\/2014 &#8211; O per\u00edodo de inscri\u00e7\u00f5es vai at\u00e9 o dia 26 de setembro<\/p>\n","protected":false},"author":7,"featured_media":0,"comment_status":"closed","ping_status":"closed","sticky":false,"template":"","format":"standard","meta":[],"categories":[4,38,10],"tags":[],"_links":{"self":[{"href":"https:\/\/www.ifbaiano.edu.br\/unidades\/santaines\/wp-json\/wp\/v2\/posts\/4687"}],"collection":[{"href":"https:\/\/www.ifbaiano.edu.br\/unidades\/santaines\/wp-json\/wp\/v2\/posts"}],"about":[{"href":"https:\/\/www.ifbaiano.edu.br\/unidades\/santaines\/wp-json\/wp\/v2\/types\/post"}],"author":[{"embeddable":true,"href":"https:\/\/www.ifbaiano.edu.br\/unidades\/santaines\/wp-json\/wp\/v2\/users\/7"}],"replies":[{"embeddable":true,"href":"https:\/\/www.ifbaiano.edu.br\/unidades\/santaines\/wp-json\/wp\/v2\/comments?post=4687"}],"version-history":[{"count":6,"href":"https:\/\/www.ifbaiano.edu.br\/unidades\/santaines\/wp-json\/wp\/v2\/posts\/4687\/revisions"}],"predecessor-version":[{"id":4691,"href":"https:\/\/www.ifbaiano.edu.br\/unidades\/santaines\/wp-json\/wp\/v2\/posts\/4687\/revisions\/4691"}],"wp:attachment":[{"href":"https:\/\/www.ifbaiano.edu.br\/unidades\/santaines\/wp-json\/wp\/v2\/media?parent=4687"}],"wp:term":[{"taxonomy":"category","embeddable":true,"href":"https:\/\/www.ifbaiano.edu.br\/unidades\/santaines\/wp-json\/wp\/v2\/categories?post=4687"},{"taxonomy":"post_tag","embeddable":true,"href":"https:\/\/www.ifbaiano.edu.br\/unidades\/santaines\/wp-json\/wp\/v2\/tags?post=4687"}],"curies":[{"name":"wp","href":"https:\/\/api.w.org\/{rel}","templated":true}]}}