{"id":4734,"date":"2014-10-02T17:09:43","date_gmt":"2014-10-02T20:09:43","guid":{"rendered":"http:\/\/www.ifbaiano.edu.br\/unidades\/santaines\/?p=4734"},"modified":"2014-10-10T08:39:15","modified_gmt":"2014-10-10T11:39:15","slug":"prosel-2015-inscricoes-homologadas-para-elaboradores-e-criticos","status":"publish","type":"post","link":"https:\/\/www.ifbaiano.edu.br\/unidades\/santaines\/prosel-2015-inscricoes-homologadas-para-elaboradores-e-criticos\/","title":{"rendered":"PROSEL 2015 &#8211; Inscri\u00e7\u00f5es Homologadas para Elaboradores e Cr\u00edticos"},"content":{"rendered":"<h2>A Presidente da Comiss\u00e3o Local de Processo Seletivo 2015 faz saber:<\/h2>\n<h3>Inscri\u00e7\u00f5es HOMOLOGADAS para elaboradores de quest\u00f5es e analista cr\u00edtico do Processo Seletivo 2015.<\/h3>\n<ul>\n<li><strong><span style=\"font-size: 1.17em\">Catia Cilene Farago<\/span><\/strong><\/li>\n<li><strong><span style=\"font-size: 1.17em\">Geovanio Silva do Nascimento<\/span><\/strong><\/li>\n<li><strong><span style=\"font-size: 1.17em\">Igor Silva dos Santos<\/span><\/strong><\/li>\n<li><strong><span style=\"font-size: 1.17em\">Janio Paim de Jesus<\/span><\/strong><\/li>\n<li><strong><span style=\"font-size: 1.17em\">Maur\u00edcio Oliveira da Silva Sugai<\/span><\/strong><\/li>\n<li><strong><span style=\"font-size: 1.17em\">Merilande de Oliveira Soares Eloi<\/span><\/strong><\/li>\n<li><strong><span style=\"font-size: 1.17em\">Wilson Fabio de Oliveira Bispo<\/span><\/strong><\/li>\n<\/ul>\n<div><span style=\"font-size: 15px\"><strong>Santa In\u00eas, 02 de outubro de 2014<\/strong><\/span><\/div>\n","protected":false},"excerpt":{"rendered":"<p>02\/10\/2014 &#8211; A Presidente da Comiss\u00e3o Local de Processo Seletivo 2015 faz saber: Inscri\u00e7\u00f5es HOMOLOGADAS para elaboradores de quest\u00f5es e analista cr\u00edtico do Processo Seletivo 2015. Acesse e saiba mais &#8230;<\/p>\n","protected":false},"author":7,"featured_media":0,"comment_status":"closed","ping_status":"closed","sticky":false,"template":"","format":"standard","meta":[],"categories":[4,10],"tags":[],"_links":{"self":[{"href":"https:\/\/www.ifbaiano.edu.br\/unidades\/santaines\/wp-json\/wp\/v2\/posts\/4734"}],"collection":[{"href":"https:\/\/www.ifbaiano.edu.br\/unidades\/santaines\/wp-json\/wp\/v2\/posts"}],"about":[{"href":"https:\/\/www.ifbaiano.edu.br\/unidades\/santaines\/wp-json\/wp\/v2\/types\/post"}],"author":[{"embeddable":true,"href":"https:\/\/www.ifbaiano.edu.br\/unidades\/santaines\/wp-json\/wp\/v2\/users\/7"}],"replies":[{"embeddable":true,"href":"https:\/\/www.ifbaiano.edu.br\/unidades\/santaines\/wp-json\/wp\/v2\/comments?post=4734"}],"version-history":[{"count":3,"href":"https:\/\/www.ifbaiano.edu.br\/unidades\/santaines\/wp-json\/wp\/v2\/posts\/4734\/revisions"}],"predecessor-version":[{"id":4736,"href":"https:\/\/www.ifbaiano.edu.br\/unidades\/santaines\/wp-json\/wp\/v2\/posts\/4734\/revisions\/4736"}],"wp:attachment":[{"href":"https:\/\/www.ifbaiano.edu.br\/unidades\/santaines\/wp-json\/wp\/v2\/media?parent=4734"}],"wp:term":[{"taxonomy":"category","embeddable":true,"href":"https:\/\/www.ifbaiano.edu.br\/unidades\/santaines\/wp-json\/wp\/v2\/categories?post=4734"},{"taxonomy":"post_tag","embeddable":true,"href":"https:\/\/www.ifbaiano.edu.br\/unidades\/santaines\/wp-json\/wp\/v2\/tags?post=4734"}],"curies":[{"name":"wp","href":"https:\/\/api.w.org\/{rel}","templated":true}]}}