{"id":4742,"date":"2014-10-07T14:30:30","date_gmt":"2014-10-07T17:30:30","guid":{"rendered":"http:\/\/www.ifbaiano.edu.br\/unidades\/santaines\/?p=4742"},"modified":"2014-10-07T19:27:21","modified_gmt":"2014-10-07T22:27:21","slug":"novas-conquistas-academia-ao-ar-livre-e-quadra-poliesportiva","status":"publish","type":"post","link":"https:\/\/www.ifbaiano.edu.br\/unidades\/santaines\/novas-conquistas-academia-ao-ar-livre-e-quadra-poliesportiva\/","title":{"rendered":"Novas conquistas: Academia ao ar livre e Quadra poliesportiva"},"content":{"rendered":"<p style=\"text-align: right\">07\/10\/2014 \u00e0s 14h 30<\/p>\n<p style=\"text-align: justify\">Ap\u00f3s 16 anos de sua constru\u00e7\u00e3o a quadra poliesportiva do Campus Santa In\u00eas finalmente passou por uma grande reforma, com inclus\u00e3o de cobertura, arquibancadas, troca de alambrados, reforma e pintura do piso, al\u00e9m de outras melhorias. Nesse espa\u00e7o ser\u00e3o desenvolvidas diversas atividades esportivas e outros eventos da Institui\u00e7\u00e3o. \u00a0Anexo a\u00a0 quadra foi instalada uma academia ao ar livre para proporcionar a comunidade \u00a0o acesso \u00e0 pr\u00e1tica regular de exerc\u00edcios f\u00edsicos, como forma de\u00a0 promo\u00e7\u00e3o sa\u00fade e melhora na qualidade de vida dos servidores e estudantes.<\/p>\n<p style=\"text-align: justify\"><a href=\"http:\/\/www.ifbaiano.edu.br\/unidades\/santaines\/files\/2014\/10\/DSC_0119.jpg\"><img decoding=\"async\" loading=\"lazy\" class=\"alignleft size-medium wp-image-4743\" src=\"http:\/\/www.ifbaiano.edu.br\/unidades\/santaines\/files\/2014\/10\/DSC_0119-300x199.jpg\" alt=\"\" width=\"300\" height=\"199\" srcset=\"https:\/\/www.ifbaiano.edu.br\/unidades\/santaines\/files\/2014\/10\/DSC_0119-300x199.jpg 300w, https:\/\/www.ifbaiano.edu.br\/unidades\/santaines\/files\/2014\/10\/DSC_0119-400x266.jpg 400w, https:\/\/www.ifbaiano.edu.br\/unidades\/santaines\/files\/2014\/10\/DSC_0119.jpg 692w\" sizes=\"(max-width: 300px) 100vw, 300px\" \/><\/a><\/p>\n<p style=\"text-align: justify\"><a href=\"http:\/\/www.ifbaiano.edu.br\/unidades\/santaines\/files\/2014\/10\/DSC_0098-2.jpg\"><img decoding=\"async\" loading=\"lazy\" class=\"alignleft size-medium wp-image-4747\" src=\"http:\/\/www.ifbaiano.edu.br\/unidades\/santaines\/files\/2014\/10\/DSC_0098-2-300x200.jpg\" alt=\"\" width=\"300\" height=\"200\" srcset=\"https:\/\/www.ifbaiano.edu.br\/unidades\/santaines\/files\/2014\/10\/DSC_0098-2-300x200.jpg 300w, https:\/\/www.ifbaiano.edu.br\/unidades\/santaines\/files\/2014\/10\/DSC_0098-2-400x267.jpg 400w, https:\/\/www.ifbaiano.edu.br\/unidades\/santaines\/files\/2014\/10\/DSC_0098-2.jpg 498w\" sizes=\"(max-width: 300px) 100vw, 300px\" \/><\/a><\/p>\n<p style=\"text-align: justify\"><a href=\"http:\/\/www.ifbaiano.edu.br\/unidades\/santaines\/files\/2014\/10\/DSC_0123.jpg\"><img decoding=\"async\" loading=\"lazy\" class=\"alignleft size-medium wp-image-4745\" src=\"http:\/\/www.ifbaiano.edu.br\/unidades\/santaines\/files\/2014\/10\/DSC_0123-300x199.jpg\" alt=\"\" width=\"300\" height=\"199\" srcset=\"https:\/\/www.ifbaiano.edu.br\/unidades\/santaines\/files\/2014\/10\/DSC_0123-300x199.jpg 300w, https:\/\/www.ifbaiano.edu.br\/unidades\/santaines\/files\/2014\/10\/DSC_0123-400x266.jpg 400w, https:\/\/www.ifbaiano.edu.br\/unidades\/santaines\/files\/2014\/10\/DSC_0123.jpg 623w\" sizes=\"(max-width: 300px) 100vw, 300px\" \/><\/a><a href=\"http:\/\/www.ifbaiano.edu.br\/unidades\/santaines\/files\/2014\/10\/DSC_0097-oi.jpg\"><img decoding=\"async\" loading=\"lazy\" class=\"alignleft size-medium wp-image-4748\" src=\"http:\/\/www.ifbaiano.edu.br\/unidades\/santaines\/files\/2014\/10\/DSC_0097-oi-300x200.jpg\" alt=\"\" width=\"300\" height=\"200\" srcset=\"https:\/\/www.ifbaiano.edu.br\/unidades\/santaines\/files\/2014\/10\/DSC_0097-oi-300x200.jpg 300w, https:\/\/www.ifbaiano.edu.br\/unidades\/santaines\/files\/2014\/10\/DSC_0097-oi-400x267.jpg 400w, https:\/\/www.ifbaiano.edu.br\/unidades\/santaines\/files\/2014\/10\/DSC_0097-oi.jpg 498w\" sizes=\"(max-width: 300px) 100vw, 300px\" \/><\/a><\/p>\n","protected":false},"excerpt":{"rendered":"<p>07\/10\/2014 &#8211; O IF Baiano Campus Santa In\u00eas coloca \u00e0 disposi\u00e7\u00e3o para uso da sociedade e comunidade acad\u00eamica, uma academia ao ar livre e a quadra poliesportiva.<\/p>\n","protected":false},"author":1,"featured_media":0,"comment_status":"closed","ping_status":"closed","sticky":false,"template":"","format":"standard","meta":[],"categories":[5,10],"tags":[],"_links":{"self":[{"href":"https:\/\/www.ifbaiano.edu.br\/unidades\/santaines\/wp-json\/wp\/v2\/posts\/4742"}],"collection":[{"href":"https:\/\/www.ifbaiano.edu.br\/unidades\/santaines\/wp-json\/wp\/v2\/posts"}],"about":[{"href":"https:\/\/www.ifbaiano.edu.br\/unidades\/santaines\/wp-json\/wp\/v2\/types\/post"}],"author":[{"embeddable":true,"href":"https:\/\/www.ifbaiano.edu.br\/unidades\/santaines\/wp-json\/wp\/v2\/users\/1"}],"replies":[{"embeddable":true,"href":"https:\/\/www.ifbaiano.edu.br\/unidades\/santaines\/wp-json\/wp\/v2\/comments?post=4742"}],"version-history":[{"count":9,"href":"https:\/\/www.ifbaiano.edu.br\/unidades\/santaines\/wp-json\/wp\/v2\/posts\/4742\/revisions"}],"predecessor-version":[{"id":4751,"href":"https:\/\/www.ifbaiano.edu.br\/unidades\/santaines\/wp-json\/wp\/v2\/posts\/4742\/revisions\/4751"}],"wp:attachment":[{"href":"https:\/\/www.ifbaiano.edu.br\/unidades\/santaines\/wp-json\/wp\/v2\/media?parent=4742"}],"wp:term":[{"taxonomy":"category","embeddable":true,"href":"https:\/\/www.ifbaiano.edu.br\/unidades\/santaines\/wp-json\/wp\/v2\/categories?post=4742"},{"taxonomy":"post_tag","embeddable":true,"href":"https:\/\/www.ifbaiano.edu.br\/unidades\/santaines\/wp-json\/wp\/v2\/tags?post=4742"}],"curies":[{"name":"wp","href":"https:\/\/api.w.org\/{rel}","templated":true}]}}