{"id":4757,"date":"2014-10-09T16:16:07","date_gmt":"2014-10-09T19:16:07","guid":{"rendered":"http:\/\/www.ifbaiano.edu.br\/unidades\/santaines\/?p=4757"},"modified":"2014-10-10T09:38:13","modified_gmt":"2014-10-10T12:38:13","slug":"recuperacao-da-mata-ciliar-do-rio-jiquirica","status":"publish","type":"post","link":"https:\/\/www.ifbaiano.edu.br\/unidades\/santaines\/recuperacao-da-mata-ciliar-do-rio-jiquirica\/","title":{"rendered":"Recupera\u00e7\u00e3o da mata ciliar do rio Jiquiri\u00e7\u00e1"},"content":{"rendered":"<p style=\"text-align: right\">\u00a009\/10\/2014<\/p>\n<p style=\"text-align: left\">O professor Ms. Gileno Moreira junto com o Laborat\u00f3rio de Ensino promove a\u00e7\u00f5es de Educa\u00e7\u00e3o Ambiental no Vale do Jiquiri\u00e7\u00e1. O desenvolvimento da atividade foi realizado pelos estudantes do Curso de Licenciatura em Geografia e das escolas: <strong>Reunidas Castro Alves (Jiquiri\u00e7\u00e1) e Vicenzo Gasbarre (Jaguaquara). <\/strong><\/p>\n<p style=\"text-align: left\"><a href=\"http:\/\/www.ifbaiano.edu.br\/unidades\/santaines\/files\/2014\/10\/012.jpg\"><img decoding=\"async\" loading=\"lazy\" class=\"alignleft size-medium wp-image-4783\" src=\"http:\/\/www.ifbaiano.edu.br\/unidades\/santaines\/files\/2014\/10\/012-300x202.jpg\" alt=\"\" width=\"300\" height=\"202\" srcset=\"https:\/\/www.ifbaiano.edu.br\/unidades\/santaines\/files\/2014\/10\/012-300x202.jpg 300w, https:\/\/www.ifbaiano.edu.br\/unidades\/santaines\/files\/2014\/10\/012-400x270.jpg 400w, https:\/\/www.ifbaiano.edu.br\/unidades\/santaines\/files\/2014\/10\/012.jpg 550w\" sizes=\"(max-width: 300px) 100vw, 300px\" \/><\/a><a href=\"http:\/\/www.ifbaiano.edu.br\/unidades\/santaines\/files\/2014\/10\/002.jpg\"><img decoding=\"async\" loading=\"lazy\" class=\"alignleft size-medium wp-image-4784\" src=\"http:\/\/www.ifbaiano.edu.br\/unidades\/santaines\/files\/2014\/10\/002-300x202.jpg\" alt=\"\" width=\"300\" height=\"202\" srcset=\"https:\/\/www.ifbaiano.edu.br\/unidades\/santaines\/files\/2014\/10\/002-300x202.jpg 300w, https:\/\/www.ifbaiano.edu.br\/unidades\/santaines\/files\/2014\/10\/002-400x270.jpg 400w, https:\/\/www.ifbaiano.edu.br\/unidades\/santaines\/files\/2014\/10\/002.jpg 550w\" sizes=\"(max-width: 300px) 100vw, 300px\" \/><\/a><\/p>\n<p>&nbsp;<\/p>\n<p><a href=\"http:\/\/www.ifbaiano.edu.br\/unidades\/santaines\/files\/2014\/10\/003.jpg\"><img decoding=\"async\" loading=\"lazy\" class=\"alignleft size-medium wp-image-4785\" src=\"http:\/\/www.ifbaiano.edu.br\/unidades\/santaines\/files\/2014\/10\/003-300x202.jpg\" alt=\"\" width=\"300\" height=\"202\" srcset=\"https:\/\/www.ifbaiano.edu.br\/unidades\/santaines\/files\/2014\/10\/003-300x202.jpg 300w, https:\/\/www.ifbaiano.edu.br\/unidades\/santaines\/files\/2014\/10\/003-400x270.jpg 400w, https:\/\/www.ifbaiano.edu.br\/unidades\/santaines\/files\/2014\/10\/003.jpg 550w\" sizes=\"(max-width: 300px) 100vw, 300px\" \/><\/a><\/p>\n<p><a href=\"http:\/\/www.ifbaiano.edu.br\/unidades\/santaines\/files\/2014\/10\/004.jpg\"><img decoding=\"async\" loading=\"lazy\" class=\"alignleft size-medium wp-image-4786\" src=\"http:\/\/www.ifbaiano.edu.br\/unidades\/santaines\/files\/2014\/10\/004-300x202.jpg\" alt=\"\" width=\"300\" height=\"202\" srcset=\"https:\/\/www.ifbaiano.edu.br\/unidades\/santaines\/files\/2014\/10\/004-300x202.jpg 300w, https:\/\/www.ifbaiano.edu.br\/unidades\/santaines\/files\/2014\/10\/004-400x270.jpg 400w, https:\/\/www.ifbaiano.edu.br\/unidades\/santaines\/files\/2014\/10\/004.jpg 550w\" sizes=\"(max-width: 300px) 100vw, 300px\" \/><\/a><\/p>\n<p>&nbsp;<\/p>\n<p>&nbsp;<\/p>\n<p>&nbsp;<\/p>\n<p>&nbsp;<\/p>\n<p>&nbsp;<\/p>\n<p>&nbsp;<\/p>\n<p>&nbsp;<\/p>\n<p><a href=\"http:\/\/www.ifbaiano.edu.br\/unidades\/santaines\/files\/2014\/10\/005.jpg\"><img decoding=\"async\" loading=\"lazy\" class=\"alignleft size-medium wp-image-4787\" src=\"http:\/\/www.ifbaiano.edu.br\/unidades\/santaines\/files\/2014\/10\/005-300x202.jpg\" alt=\"\" width=\"300\" height=\"202\" srcset=\"https:\/\/www.ifbaiano.edu.br\/unidades\/santaines\/files\/2014\/10\/005-300x202.jpg 300w, https:\/\/www.ifbaiano.edu.br\/unidades\/santaines\/files\/2014\/10\/005-400x270.jpg 400w, https:\/\/www.ifbaiano.edu.br\/unidades\/santaines\/files\/2014\/10\/005.jpg 550w\" sizes=\"(max-width: 300px) 100vw, 300px\" \/><\/a><a href=\"http:\/\/www.ifbaiano.edu.br\/unidades\/santaines\/files\/2014\/10\/006.jpg\"><img decoding=\"async\" loading=\"lazy\" class=\"alignleft size-medium wp-image-4788\" src=\"http:\/\/www.ifbaiano.edu.br\/unidades\/santaines\/files\/2014\/10\/006-300x270.jpg\" alt=\"\" width=\"300\" height=\"270\" srcset=\"https:\/\/www.ifbaiano.edu.br\/unidades\/santaines\/files\/2014\/10\/006-300x270.jpg 300w, https:\/\/www.ifbaiano.edu.br\/unidades\/santaines\/files\/2014\/10\/006-400x361.jpg 400w, https:\/\/www.ifbaiano.edu.br\/unidades\/santaines\/files\/2014\/10\/006.jpg 412w\" sizes=\"(max-width: 300px) 100vw, 300px\" \/><\/a><\/p>\n","protected":false},"excerpt":{"rendered":"<p>09\/10\/2014 &#8211; Saiba mais.<\/p>\n","protected":false},"author":1,"featured_media":0,"comment_status":"closed","ping_status":"closed","sticky":false,"template":"","format":"standard","meta":[],"categories":[10],"tags":[],"_links":{"self":[{"href":"https:\/\/www.ifbaiano.edu.br\/unidades\/santaines\/wp-json\/wp\/v2\/posts\/4757"}],"collection":[{"href":"https:\/\/www.ifbaiano.edu.br\/unidades\/santaines\/wp-json\/wp\/v2\/posts"}],"about":[{"href":"https:\/\/www.ifbaiano.edu.br\/unidades\/santaines\/wp-json\/wp\/v2\/types\/post"}],"author":[{"embeddable":true,"href":"https:\/\/www.ifbaiano.edu.br\/unidades\/santaines\/wp-json\/wp\/v2\/users\/1"}],"replies":[{"embeddable":true,"href":"https:\/\/www.ifbaiano.edu.br\/unidades\/santaines\/wp-json\/wp\/v2\/comments?post=4757"}],"version-history":[{"count":12,"href":"https:\/\/www.ifbaiano.edu.br\/unidades\/santaines\/wp-json\/wp\/v2\/posts\/4757\/revisions"}],"predecessor-version":[{"id":4768,"href":"https:\/\/www.ifbaiano.edu.br\/unidades\/santaines\/wp-json\/wp\/v2\/posts\/4757\/revisions\/4768"}],"wp:attachment":[{"href":"https:\/\/www.ifbaiano.edu.br\/unidades\/santaines\/wp-json\/wp\/v2\/media?parent=4757"}],"wp:term":[{"taxonomy":"category","embeddable":true,"href":"https:\/\/www.ifbaiano.edu.br\/unidades\/santaines\/wp-json\/wp\/v2\/categories?post=4757"},{"taxonomy":"post_tag","embeddable":true,"href":"https:\/\/www.ifbaiano.edu.br\/unidades\/santaines\/wp-json\/wp\/v2\/tags?post=4757"}],"curies":[{"name":"wp","href":"https:\/\/api.w.org\/{rel}","templated":true}]}}