{"id":4807,"date":"2014-10-10T14:18:46","date_gmt":"2014-10-10T17:18:46","guid":{"rendered":"http:\/\/www.ifbaiano.edu.br\/unidades\/santaines\/?p=4807"},"modified":"2014-10-10T15:46:34","modified_gmt":"2014-10-10T18:46:34","slug":"semana-nacional-de-ciencia-e-tecnologia","status":"publish","type":"post","link":"https:\/\/www.ifbaiano.edu.br\/unidades\/santaines\/semana-nacional-de-ciencia-e-tecnologia\/","title":{"rendered":"SEMANA NACIONAL DE CI\u00caNCIA E TECNOLOGIA"},"content":{"rendered":"<p style=\"text-align: right\">10\/10\/2014 14h 15<\/p>\n<p style=\"text-align: justify\">Nos dias 13 e 14 de outubro acontecer\u00e1 a Semana Nacional de Ci\u00eancia e Tecnologia do campus Santa In\u00eas, evento no qual ser\u00e3o apresentados e debatidos temas relacionados \u00e0 &#8220;CI\u00caNCIA E TECNOLOGIA PARA O DESENVOLVIMENTO SOCIAL\u201d. O objetivo do evento \u00e9 divulgar os resultados de pesquisas em stands e pain\u00e9is tem\u00e1ticos e mobilizar a popula\u00e7\u00e3o acad\u00eamica, em torno de temas e atividades de Ci\u00eancia e Tecnologia voltadas para o desenvolvimento social.<\/p>\n<p style=\"text-align: justify\"><span style=\"color: #ff9900\"><a href=\"http:\/\/www.ifbaiano.edu.br\/unidades\/santaines\/files\/2014\/10\/Caderno_programacao_SCT.pdf\"><span style=\"color: #ff9900\">Caderno da programa\u00e7\u00e3o da Semana de Ci\u00eancia e Tecnologia.<\/span><\/a><\/span><\/p>\n<p style=\"text-align: left\">Maiores informa\u00e7\u00f5es: Comiss\u00e3o organizadora da SNCT.<\/p>\n<p style=\"text-align: left\">Sala dos professores: ramal 66<\/p>\n<p style=\"text-align: left\">\n","protected":false},"excerpt":{"rendered":"<p>10\/10\/2014 &#8211; O evento ocorrer\u00e1 nos 13 e 14 de outubro.<\/p>\n","protected":false},"author":1,"featured_media":0,"comment_status":"closed","ping_status":"closed","sticky":false,"template":"","format":"standard","meta":[],"categories":[5,23,10],"tags":[],"_links":{"self":[{"href":"https:\/\/www.ifbaiano.edu.br\/unidades\/santaines\/wp-json\/wp\/v2\/posts\/4807"}],"collection":[{"href":"https:\/\/www.ifbaiano.edu.br\/unidades\/santaines\/wp-json\/wp\/v2\/posts"}],"about":[{"href":"https:\/\/www.ifbaiano.edu.br\/unidades\/santaines\/wp-json\/wp\/v2\/types\/post"}],"author":[{"embeddable":true,"href":"https:\/\/www.ifbaiano.edu.br\/unidades\/santaines\/wp-json\/wp\/v2\/users\/1"}],"replies":[{"embeddable":true,"href":"https:\/\/www.ifbaiano.edu.br\/unidades\/santaines\/wp-json\/wp\/v2\/comments?post=4807"}],"version-history":[{"count":8,"href":"https:\/\/www.ifbaiano.edu.br\/unidades\/santaines\/wp-json\/wp\/v2\/posts\/4807\/revisions"}],"predecessor-version":[{"id":4811,"href":"https:\/\/www.ifbaiano.edu.br\/unidades\/santaines\/wp-json\/wp\/v2\/posts\/4807\/revisions\/4811"}],"wp:attachment":[{"href":"https:\/\/www.ifbaiano.edu.br\/unidades\/santaines\/wp-json\/wp\/v2\/media?parent=4807"}],"wp:term":[{"taxonomy":"category","embeddable":true,"href":"https:\/\/www.ifbaiano.edu.br\/unidades\/santaines\/wp-json\/wp\/v2\/categories?post=4807"},{"taxonomy":"post_tag","embeddable":true,"href":"https:\/\/www.ifbaiano.edu.br\/unidades\/santaines\/wp-json\/wp\/v2\/tags?post=4807"}],"curies":[{"name":"wp","href":"https:\/\/api.w.org\/{rel}","templated":true}]}}