{"id":4817,"date":"2014-10-10T15:08:32","date_gmt":"2014-10-10T18:08:32","guid":{"rendered":"http:\/\/www.ifbaiano.edu.br\/unidades\/santaines\/?p=4817"},"modified":"2014-10-17T13:09:13","modified_gmt":"2014-10-17T16:09:13","slug":"semana-de-biologia","status":"publish","type":"post","link":"https:\/\/www.ifbaiano.edu.br\/unidades\/santaines\/semana-de-biologia\/","title":{"rendered":"I Semana de Biologia"},"content":{"rendered":"<p>A\u00a0<strong>I SEMANA DE BIOLOGIA<\/strong>\u00a0do\u00a0<strong>IF Baiano &#8211; Campus Santa In\u00eas<\/strong>\u00a0visa possibilitar a integra\u00e7\u00e3o, motiva\u00e7\u00e3o e forma\u00e7\u00e3o complementar de docentes e graduandos da regi\u00e3o, bem como proporcionar espa\u00e7os de discuss\u00e3o e socializa\u00e7\u00e3o de trabalhos desenvolvidos em \u00e1reas relacionadas \u00e0s Ci\u00eancias Biol\u00f3gicas.<\/p>\n<p><strong>A I Semana de Biologia do IF Baiano ser\u00e1 realizada no per\u00edodo de 30 de outubro a 01 de novembro de 2014 (quinta-feira a s\u00e1bado).<\/strong><\/p>\n<p><a title=\"1\u00aa Semana de Biologia\" href=\"http:\/\/hardoom.com\/biologia\/biologia\/\" target=\"_blank\">ACESSAR AMBIENTE DE INSCRI\u00c7\u00c3O<\/a><\/p>\n","protected":false},"excerpt":{"rendered":"<p>A I SEMANA DE BIOLOGIA do IF Baiano &#8211; Campus Santa In\u00eas visa possibilitar a integra\u00e7\u00e3o, motiva\u00e7\u00e3o e a forma\u00e7\u00e3o complementar de docentes e graduandos da regi\u00e3o, bem como proporcionar espa\u00e7os de discuss\u00e3o e socializa\u00e7\u00e3o de trabalhos desenvolvidos em \u00e1reas relacionadas \u00e0s Ci\u00eancias Biol\u00f3gicas.<\/p>\n","protected":false},"author":7,"featured_media":0,"comment_status":"closed","ping_status":"closed","sticky":false,"template":"","format":"standard","meta":[],"categories":[5,10],"tags":[],"_links":{"self":[{"href":"https:\/\/www.ifbaiano.edu.br\/unidades\/santaines\/wp-json\/wp\/v2\/posts\/4817"}],"collection":[{"href":"https:\/\/www.ifbaiano.edu.br\/unidades\/santaines\/wp-json\/wp\/v2\/posts"}],"about":[{"href":"https:\/\/www.ifbaiano.edu.br\/unidades\/santaines\/wp-json\/wp\/v2\/types\/post"}],"author":[{"embeddable":true,"href":"https:\/\/www.ifbaiano.edu.br\/unidades\/santaines\/wp-json\/wp\/v2\/users\/7"}],"replies":[{"embeddable":true,"href":"https:\/\/www.ifbaiano.edu.br\/unidades\/santaines\/wp-json\/wp\/v2\/comments?post=4817"}],"version-history":[{"count":8,"href":"https:\/\/www.ifbaiano.edu.br\/unidades\/santaines\/wp-json\/wp\/v2\/posts\/4817\/revisions"}],"predecessor-version":[{"id":4840,"href":"https:\/\/www.ifbaiano.edu.br\/unidades\/santaines\/wp-json\/wp\/v2\/posts\/4817\/revisions\/4840"}],"wp:attachment":[{"href":"https:\/\/www.ifbaiano.edu.br\/unidades\/santaines\/wp-json\/wp\/v2\/media?parent=4817"}],"wp:term":[{"taxonomy":"category","embeddable":true,"href":"https:\/\/www.ifbaiano.edu.br\/unidades\/santaines\/wp-json\/wp\/v2\/categories?post=4817"},{"taxonomy":"post_tag","embeddable":true,"href":"https:\/\/www.ifbaiano.edu.br\/unidades\/santaines\/wp-json\/wp\/v2\/tags?post=4817"}],"curies":[{"name":"wp","href":"https:\/\/api.w.org\/{rel}","templated":true}]}}