{"id":4857,"date":"2014-10-20T08:14:35","date_gmt":"2014-10-20T11:14:35","guid":{"rendered":"http:\/\/www.ifbaiano.edu.br\/unidades\/santaines\/?p=4857"},"modified":"2014-10-25T17:35:02","modified_gmt":"2014-10-25T20:35:02","slug":"dia-do-egresso-4","status":"publish","type":"post","link":"https:\/\/www.ifbaiano.edu.br\/unidades\/santaines\/dia-do-egresso-4\/","title":{"rendered":"Dia do Egresso"},"content":{"rendered":"<p>15 de novembro acontecer\u00e1 o dia do egresso. Rever os ex-alunos, trocar ideias, informa\u00e7\u00f5es, e matar a saudade \u00e9 realmente muito prazeroso. Assim, o Dia do Egresso do Campus Santa In\u00eas est\u00e1 sendo preparado pela equipe com muito carinho e aguardado com muita ansiedade.<\/p>\n<p>A antiga EAFSI, hoje, IFBAIANO Campus Santa In\u00eas formou centenas de profissionais em diferentes \u00e1reas de atua\u00e7\u00e3o. A expectativa \u00e9 de que o encontro re\u00fana grande parte dos ex-alunos e que seja um momento de confraterniza\u00e7\u00e3o e de socializa\u00e7\u00e3o de hist\u00f3rias entre os egressos da Institui\u00e7\u00e3o.<\/p>\n<p>Fa\u00e7a sua inscri\u00e7\u00e3o aqui:\u00a0<a title=\"Fa\u00e7a sua inscri\u00e7\u00e3o aqui.\" href=\"http:\/\/goo.gl\/forms\/aa5Ug7S1NA\">http:\/\/goo.gl\/forms\/aa5Ug7S1NA<\/a><\/p>\n<p>Programa\u00e7\u00e3o:<\/p>\n<p>08:30 &#8211; 09:00 Hs Caf\u00e9 da Manh\u00e3<\/p>\n<p>09:00 &#8211; 10:00 Hs Abertura<\/p>\n<p>10:00 &#8211; 10:30 Hs Homenagem<\/p>\n<p>10:30 &#8211; 11:00 Hs Plantio da \u00c1rvore<\/p>\n<p>11:30 &#8211; 13:00 Hs Almo\u00e7o<\/p>\n<p>13:00 Hs Confraterniza\u00e7\u00e3o<\/p>\n<p>&nbsp;<\/p>\n<p><a href=\"http:\/\/www.ifbaiano.edu.br\/unidades\/santaines\/files\/2014\/10\/egresso1.jpg\"><img decoding=\"async\" loading=\"lazy\" class=\"aligncenter size-full wp-image-4862\" src=\"http:\/\/www.ifbaiano.edu.br\/unidades\/santaines\/files\/2014\/10\/egresso1.jpg\" alt=\"\" width=\"680\" height=\"960\" srcset=\"https:\/\/www.ifbaiano.edu.br\/unidades\/santaines\/files\/2014\/10\/egresso1.jpg 680w, https:\/\/www.ifbaiano.edu.br\/unidades\/santaines\/files\/2014\/10\/egresso1-212x300.jpg 212w, https:\/\/www.ifbaiano.edu.br\/unidades\/santaines\/files\/2014\/10\/egresso1-400x564.jpg 400w\" sizes=\"(max-width: 680px) 100vw, 680px\" \/><\/a><\/p>\n<p>&nbsp;<\/p>\n<p>&nbsp;<\/p>\n<p>&nbsp;<\/p>\n","protected":false},"excerpt":{"rendered":"<p>20\/10\/2014 &#8211; Evento acontecer\u00e1 dia 15 de novembro. <\/p>\n","protected":false},"author":1,"featured_media":0,"comment_status":"closed","ping_status":"closed","sticky":false,"template":"","format":"standard","meta":[],"categories":[10],"tags":[],"_links":{"self":[{"href":"https:\/\/www.ifbaiano.edu.br\/unidades\/santaines\/wp-json\/wp\/v2\/posts\/4857"}],"collection":[{"href":"https:\/\/www.ifbaiano.edu.br\/unidades\/santaines\/wp-json\/wp\/v2\/posts"}],"about":[{"href":"https:\/\/www.ifbaiano.edu.br\/unidades\/santaines\/wp-json\/wp\/v2\/types\/post"}],"author":[{"embeddable":true,"href":"https:\/\/www.ifbaiano.edu.br\/unidades\/santaines\/wp-json\/wp\/v2\/users\/1"}],"replies":[{"embeddable":true,"href":"https:\/\/www.ifbaiano.edu.br\/unidades\/santaines\/wp-json\/wp\/v2\/comments?post=4857"}],"version-history":[{"count":7,"href":"https:\/\/www.ifbaiano.edu.br\/unidades\/santaines\/wp-json\/wp\/v2\/posts\/4857\/revisions"}],"predecessor-version":[{"id":9267,"href":"https:\/\/www.ifbaiano.edu.br\/unidades\/santaines\/wp-json\/wp\/v2\/posts\/4857\/revisions\/9267"}],"wp:attachment":[{"href":"https:\/\/www.ifbaiano.edu.br\/unidades\/santaines\/wp-json\/wp\/v2\/media?parent=4857"}],"wp:term":[{"taxonomy":"category","embeddable":true,"href":"https:\/\/www.ifbaiano.edu.br\/unidades\/santaines\/wp-json\/wp\/v2\/categories?post=4857"},{"taxonomy":"post_tag","embeddable":true,"href":"https:\/\/www.ifbaiano.edu.br\/unidades\/santaines\/wp-json\/wp\/v2\/tags?post=4857"}],"curies":[{"name":"wp","href":"https:\/\/api.w.org\/{rel}","templated":true}]}}