{"id":4893,"date":"2014-11-02T06:43:30","date_gmt":"2014-11-02T09:43:30","guid":{"rendered":"http:\/\/www.ifbaiano.edu.br\/unidades\/santaines\/?p=4893"},"modified":"2014-11-13T10:50:56","modified_gmt":"2014-11-13T13:50:56","slug":"edital-para-preenchimento-de-vagas-remanescentes-dos-cursos-superiores","status":"publish","type":"post","link":"https:\/\/www.ifbaiano.edu.br\/unidades\/santaines\/edital-para-preenchimento-de-vagas-remanescentes-dos-cursos-superiores\/","title":{"rendered":"Edital para preenchimento de vagas remanescentes dos Cursos Superiores"},"content":{"rendered":"<p style=\"text-align: right\">02\/11\/2014<\/p>\n<p style=\"text-align: left\"><span style=\"color: #ff0000\"><a href=\"http:\/\/www.ifbaiano.edu.br\/unidades\/santaines\/files\/2014\/11\/Edital-N-23-Vagas-Remanescentes-20141.pdf\"><span style=\"color: #ff0000\">Confira o Edital. <\/span><\/a><\/span><\/p>\n","protected":false},"excerpt":{"rendered":"<p>02\/11\/2014 &#8211; Per\u00edodo das Inscri\u00e7\u00f5es: 10 a 14 de novembro de 2014.<\/p>\n","protected":false},"author":1,"featured_media":0,"comment_status":"closed","ping_status":"closed","sticky":false,"template":"","format":"standard","meta":[],"categories":[5,10],"tags":[],"_links":{"self":[{"href":"https:\/\/www.ifbaiano.edu.br\/unidades\/santaines\/wp-json\/wp\/v2\/posts\/4893"}],"collection":[{"href":"https:\/\/www.ifbaiano.edu.br\/unidades\/santaines\/wp-json\/wp\/v2\/posts"}],"about":[{"href":"https:\/\/www.ifbaiano.edu.br\/unidades\/santaines\/wp-json\/wp\/v2\/types\/post"}],"author":[{"embeddable":true,"href":"https:\/\/www.ifbaiano.edu.br\/unidades\/santaines\/wp-json\/wp\/v2\/users\/1"}],"replies":[{"embeddable":true,"href":"https:\/\/www.ifbaiano.edu.br\/unidades\/santaines\/wp-json\/wp\/v2\/comments?post=4893"}],"version-history":[{"count":2,"href":"https:\/\/www.ifbaiano.edu.br\/unidades\/santaines\/wp-json\/wp\/v2\/posts\/4893\/revisions"}],"predecessor-version":[{"id":4986,"href":"https:\/\/www.ifbaiano.edu.br\/unidades\/santaines\/wp-json\/wp\/v2\/posts\/4893\/revisions\/4986"}],"wp:attachment":[{"href":"https:\/\/www.ifbaiano.edu.br\/unidades\/santaines\/wp-json\/wp\/v2\/media?parent=4893"}],"wp:term":[{"taxonomy":"category","embeddable":true,"href":"https:\/\/www.ifbaiano.edu.br\/unidades\/santaines\/wp-json\/wp\/v2\/categories?post=4893"},{"taxonomy":"post_tag","embeddable":true,"href":"https:\/\/www.ifbaiano.edu.br\/unidades\/santaines\/wp-json\/wp\/v2\/tags?post=4893"}],"curies":[{"name":"wp","href":"https:\/\/api.w.org\/{rel}","templated":true}]}}