{"id":4975,"date":"2014-11-13T10:36:22","date_gmt":"2014-11-13T13:36:22","guid":{"rendered":"http:\/\/www.ifbaiano.edu.br\/unidades\/santaines\/?p=4975"},"modified":"2014-11-13T17:12:44","modified_gmt":"2014-11-13T20:12:44","slug":"encontro-sobre-educacao-para-as-relacoes-etnico-raciais-no-campus-santa-ines","status":"publish","type":"post","link":"https:\/\/www.ifbaiano.edu.br\/unidades\/santaines\/encontro-sobre-educacao-para-as-relacoes-etnico-raciais-no-campus-santa-ines\/","title":{"rendered":"Encontro sobre Educa\u00e7\u00e3o para as rela\u00e7\u00f5es \u00c9tnico-Raciais no Campus Santa In\u00eas"},"content":{"rendered":"<p style=\"text-align: justify\">O N\u00facleo de estudos Afro-Brasileiros e Ind\u00edgenas do Campus Santa In\u00eas promoveu nesta ter\u00e7a-feira, 11 de novembro de 2014, o Encontro sobre Educa\u00e7\u00e3o para as rela\u00e7\u00f5es \u00c9tnico-Raciais no Campus. As atividades se inserem no contexto do Novembro Negro, m\u00eas dedicado \u00e0 reflex\u00e3o sobre a inser\u00e7\u00e3o do negro na Sociedade Brasileira. Por ter sido 20 de novembro o dia da morte de Zumbi dos Palmares, em 1695, esse foi escolhido para ser, oficialmente o dia da Consci\u00eancia Negra no Brasil.<br \/>\nAs atividades do NEABI-Santa In\u00eas contaram com a participa\u00e7\u00e3o das Professoras pesquisadoras Nelma Cristina Silva Barbosa do campus Valen\u00e7a que falou sobre RELA\u00c7\u00d5ES \u00c9TNICO-RACIAIS E EDUCA\u00c7\u00c3O NO IF BAIANO:A QUEST\u00c3O AFRO-BRASILEIRA; e Ubiraneila Capinan Barbosa, do campus Santa In\u00eas, com o tema QUILOMBOS REMANESCENTES: MARCO LEGAL, IDENTIDADE E TERRITORIALIDADE. As discuss\u00f5es marcam tamb\u00e9m a institucionaliza\u00e7\u00e3o do NEABI no campus enquanto \u00f3rg\u00e3o mediador das tensas rela\u00e7\u00f5es inter\u00e9tnicas, al\u00e9m de espa\u00e7o de di\u00e1logo.<\/p>\n<p style=\"text-align: justify\"><em>Informe: NEABI ( professor Geovanio Silva do Nascimento)<\/em><\/p>\n<p style=\"text-align: justify\">Email: neabi@si.ifbaino.edu.br<em><br \/>\n<\/em><\/p>\n<p><a href=\"http:\/\/www.ifbaiano.edu.br\/unidades\/santaines\/files\/2014\/11\/DSC_8078.png\"><img decoding=\"async\" loading=\"lazy\" class=\"alignleft size-medium wp-image-4979\" src=\"http:\/\/www.ifbaiano.edu.br\/unidades\/santaines\/files\/2014\/11\/DSC_8078-300x200.png\" alt=\"\" width=\"300\" height=\"200\" srcset=\"https:\/\/www.ifbaiano.edu.br\/unidades\/santaines\/files\/2014\/11\/DSC_8078-300x200.png 300w, https:\/\/www.ifbaiano.edu.br\/unidades\/santaines\/files\/2014\/11\/DSC_8078-400x266.png 400w, https:\/\/www.ifbaiano.edu.br\/unidades\/santaines\/files\/2014\/11\/DSC_8078.png 420w\" sizes=\"(max-width: 300px) 100vw, 300px\" \/><\/a><\/p>\n<p style=\"text-align: justify\"><a href=\"http:\/\/www.ifbaiano.edu.br\/unidades\/santaines\/files\/2014\/11\/foto-01.png\"><img decoding=\"async\" loading=\"lazy\" class=\"alignleft size-medium wp-image-4977\" src=\"http:\/\/www.ifbaiano.edu.br\/unidades\/santaines\/files\/2014\/11\/foto-01-300x200.png\" alt=\"\" width=\"300\" height=\"200\" srcset=\"https:\/\/www.ifbaiano.edu.br\/unidades\/santaines\/files\/2014\/11\/foto-01-300x200.png 300w, https:\/\/www.ifbaiano.edu.br\/unidades\/santaines\/files\/2014\/11\/foto-01-400x266.png 400w, https:\/\/www.ifbaiano.edu.br\/unidades\/santaines\/files\/2014\/11\/foto-01.png 420w\" sizes=\"(max-width: 300px) 100vw, 300px\" \/><\/a><a href=\"http:\/\/www.ifbaiano.edu.br\/unidades\/santaines\/files\/2014\/11\/DSC_8049.png\"><img decoding=\"async\" loading=\"lazy\" class=\"alignleft size-medium wp-image-4978\" src=\"http:\/\/www.ifbaiano.edu.br\/unidades\/santaines\/files\/2014\/11\/DSC_8049-300x200.png\" alt=\"\" width=\"300\" height=\"200\" srcset=\"https:\/\/www.ifbaiano.edu.br\/unidades\/santaines\/files\/2014\/11\/DSC_8049-300x200.png 300w, https:\/\/www.ifbaiano.edu.br\/unidades\/santaines\/files\/2014\/11\/DSC_8049-400x266.png 400w, https:\/\/www.ifbaiano.edu.br\/unidades\/santaines\/files\/2014\/11\/DSC_8049.png 420w\" sizes=\"(max-width: 300px) 100vw, 300px\" \/><\/a><a href=\"http:\/\/www.ifbaiano.edu.br\/unidades\/santaines\/files\/2014\/11\/20141111_203435.png\"><img decoding=\"async\" loading=\"lazy\" class=\"alignleft size-medium wp-image-5001\" src=\"http:\/\/www.ifbaiano.edu.br\/unidades\/santaines\/files\/2014\/11\/20141111_203435-300x200.png\" alt=\"\" width=\"300\" height=\"200\" srcset=\"https:\/\/www.ifbaiano.edu.br\/unidades\/santaines\/files\/2014\/11\/20141111_203435-300x200.png 300w, https:\/\/www.ifbaiano.edu.br\/unidades\/santaines\/files\/2014\/11\/20141111_203435-400x266.png 400w, https:\/\/www.ifbaiano.edu.br\/unidades\/santaines\/files\/2014\/11\/20141111_203435.png 420w\" sizes=\"(max-width: 300px) 100vw, 300px\" \/><\/a><\/p>\n","protected":false},"excerpt":{"rendered":"<p>13\/11\/2014 &#8211; O evento ocorreu no dia 11\/11\/2014<\/p>\n","protected":false},"author":1,"featured_media":0,"comment_status":"closed","ping_status":"closed","sticky":false,"template":"","format":"standard","meta":[],"categories":[5],"tags":[],"_links":{"self":[{"href":"https:\/\/www.ifbaiano.edu.br\/unidades\/santaines\/wp-json\/wp\/v2\/posts\/4975"}],"collection":[{"href":"https:\/\/www.ifbaiano.edu.br\/unidades\/santaines\/wp-json\/wp\/v2\/posts"}],"about":[{"href":"https:\/\/www.ifbaiano.edu.br\/unidades\/santaines\/wp-json\/wp\/v2\/types\/post"}],"author":[{"embeddable":true,"href":"https:\/\/www.ifbaiano.edu.br\/unidades\/santaines\/wp-json\/wp\/v2\/users\/1"}],"replies":[{"embeddable":true,"href":"https:\/\/www.ifbaiano.edu.br\/unidades\/santaines\/wp-json\/wp\/v2\/comments?post=4975"}],"version-history":[{"count":8,"href":"https:\/\/www.ifbaiano.edu.br\/unidades\/santaines\/wp-json\/wp\/v2\/posts\/4975\/revisions"}],"predecessor-version":[{"id":4983,"href":"https:\/\/www.ifbaiano.edu.br\/unidades\/santaines\/wp-json\/wp\/v2\/posts\/4975\/revisions\/4983"}],"wp:attachment":[{"href":"https:\/\/www.ifbaiano.edu.br\/unidades\/santaines\/wp-json\/wp\/v2\/media?parent=4975"}],"wp:term":[{"taxonomy":"category","embeddable":true,"href":"https:\/\/www.ifbaiano.edu.br\/unidades\/santaines\/wp-json\/wp\/v2\/categories?post=4975"},{"taxonomy":"post_tag","embeddable":true,"href":"https:\/\/www.ifbaiano.edu.br\/unidades\/santaines\/wp-json\/wp\/v2\/tags?post=4975"}],"curies":[{"name":"wp","href":"https:\/\/api.w.org\/{rel}","templated":true}]}}