{"id":5140,"date":"2015-01-12T14:09:33","date_gmt":"2015-01-12T17:09:33","guid":{"rendered":"http:\/\/www.ifbaiano.edu.br\/unidades\/santaines\/?p=5140"},"modified":"2015-01-12T14:10:28","modified_gmt":"2015-01-12T17:10:28","slug":"renovacao-de-matricula-para-alunos-dos-cursos-de-graduacao-e-informatica","status":"publish","type":"post","link":"https:\/\/www.ifbaiano.edu.br\/unidades\/santaines\/renovacao-de-matricula-para-alunos-dos-cursos-de-graduacao-e-informatica\/","title":{"rendered":"RENOVA\u00c7\u00c3O DE MATR\u00cdCULA PARA ALUNOS DOS CURSOS DE GRADUA\u00c7\u00c3O E INFORM\u00c1TICA"},"content":{"rendered":"<p>RENOVA\u00c7\u00c3O DE MATR\u00cdCULA PARA ALUNOS DOS CURSOS DE GRADUA\u00c7\u00c3O E INFORM\u00c1TICA<\/p>\n<p>Per\u00edodo: 12 a 14 de janeiro de 2015<br \/>\nHor\u00e1rio: 9:00h \u00e1s 13:00h<br \/>\nLocal: Secretaria de Registros Acad\u00eamicos do Instituto Federal Campus Santa In\u00eas &#8211; SRA<\/p>\n<p>Aten\u00e7\u00e3o: Para os alunos de gradua\u00e7\u00e3o a renova\u00e7\u00e3o de matr\u00edcula \u00e9 obrigat\u00f3ria na necessidade de ajustes na pr\u00e9-matr\u00edcula e para o estudante que n\u00e3o realizou a pr\u00e9-matr\u00edcula no per\u00edodo, conforme prescrito em Edital. <\/p>\n","protected":false},"excerpt":{"rendered":"<p>RENOVA\u00c7\u00c3O DE MATR\u00cdCULA PARA ALUNOS DOS CURSOS DE GRADUA\u00c7\u00c3O E INFORM\u00c1TICA<br \/>\nPer\u00edodo: 12 a 14 de janeiro de 2015<br \/>\nHor\u00e1rio: 9:00h \u00e1s 13:00h<br \/>\nLocal: Secretaria de Registros Acad\u00eamicos do Instituto Federal Campus Santa In\u00eas &#8211; SRA<\/p>\n","protected":false},"author":7,"featured_media":0,"comment_status":"closed","ping_status":"closed","sticky":false,"template":"","format":"standard","meta":[],"categories":[4,10],"tags":[],"_links":{"self":[{"href":"https:\/\/www.ifbaiano.edu.br\/unidades\/santaines\/wp-json\/wp\/v2\/posts\/5140"}],"collection":[{"href":"https:\/\/www.ifbaiano.edu.br\/unidades\/santaines\/wp-json\/wp\/v2\/posts"}],"about":[{"href":"https:\/\/www.ifbaiano.edu.br\/unidades\/santaines\/wp-json\/wp\/v2\/types\/post"}],"author":[{"embeddable":true,"href":"https:\/\/www.ifbaiano.edu.br\/unidades\/santaines\/wp-json\/wp\/v2\/users\/7"}],"replies":[{"embeddable":true,"href":"https:\/\/www.ifbaiano.edu.br\/unidades\/santaines\/wp-json\/wp\/v2\/comments?post=5140"}],"version-history":[{"count":2,"href":"https:\/\/www.ifbaiano.edu.br\/unidades\/santaines\/wp-json\/wp\/v2\/posts\/5140\/revisions"}],"predecessor-version":[{"id":5142,"href":"https:\/\/www.ifbaiano.edu.br\/unidades\/santaines\/wp-json\/wp\/v2\/posts\/5140\/revisions\/5142"}],"wp:attachment":[{"href":"https:\/\/www.ifbaiano.edu.br\/unidades\/santaines\/wp-json\/wp\/v2\/media?parent=5140"}],"wp:term":[{"taxonomy":"category","embeddable":true,"href":"https:\/\/www.ifbaiano.edu.br\/unidades\/santaines\/wp-json\/wp\/v2\/categories?post=5140"},{"taxonomy":"post_tag","embeddable":true,"href":"https:\/\/www.ifbaiano.edu.br\/unidades\/santaines\/wp-json\/wp\/v2\/tags?post=5140"}],"curies":[{"name":"wp","href":"https:\/\/api.w.org\/{rel}","templated":true}]}}